{"id":2361,"date":"2026-04-26T06:52:43","date_gmt":"2026-04-26T03:52:43","guid":{"rendered":"https:\/\/www.kirsehirses.com\/?p=2361"},"modified":"2026-04-26T06:52:43","modified_gmt":"2026-04-26T03:52:43","slug":"kirsehirde-basarili-ogrenciler-odullendirildi","status":"publish","type":"post","link":"https:\/\/www.kirsehirses.com\/index.php\/2026\/04\/26\/kirsehirde-basarili-ogrenciler-odullendirildi\/","title":{"rendered":"K\u0131r\u015fehir\u2019de Ba\u015far\u0131l\u0131 \u00d6\u011frenciler \u00d6d\u00fcllendirildi"},"content":{"rendered":"<p><strong>K\u0131r\u015fehir\u2019de Ba\u015far\u0131l\u0131 \u00d6\u011frenciler \u00d6d\u00fcllendirildi<\/strong><\/p>\n<p>K\u0131r\u015fehir \u0130l Mill\u00ee E\u011fitim M\u00fcd\u00fcrl\u00fc\u011f\u00fc taraf\u0131ndan il genelinde d\u00fczenlenen \u00e7e\u015fitli sosyal, k\u00fclt\u00fcrel ve sanatsal yar\u0131\u015fmalarda dereceye giren \u00f6\u011frenciler i\u00e7in \u00f6d\u00fcl t\u00f6reni d\u00fczenlendi.<\/p>\n<p>&#8220;\u0130stikl\u00e2l Mar\u015f\u0131\u2019n\u0131 G\u00fczel Okuma&#8221;, \u00c7anakkale Zaferi\u2019nin 111. y\u0131l d\u00f6n\u00fcm\u00fc kapsam\u0131nda d\u00fczenlenen resim, \u015fiir ve hik\u00e2ye yar\u0131\u015fmalar\u0131 ile 23 Nisan Ulusal Egemenlik ve \u00c7ocuk Bayram\u0131 etkinlikleri \u00e7er\u00e7evesinde ger\u00e7ekle\u015ftirilen yar\u0131\u015fmalarda il birincisi olan \u00f6\u011frenciler, ba\u015far\u0131lar\u0131n\u0131n kar\u015f\u0131l\u0131\u011f\u0131n\u0131 ald\u0131.<\/p>\n<p>Resm\u00ee ilk ve ortaokul \u00f6\u011frencilerinin kat\u0131l\u0131m sa\u011flad\u0131\u011f\u0131 etkinliklerde derece elde eden gen\u00e7 yeteneklere \u00f6d\u00fclleri, \u0130l Mill\u00ee E\u011fitim M\u00fcd\u00fcr\u00fc Yasin G\u00fcl\u015fen taraf\u0131ndan takdim edildi.<\/p>\n","protected":false},"excerpt":{"rendered":"<p>K\u0131r\u015fehir\u2019de Ba\u015far\u0131l\u0131 \u00d6\u011frenciler \u00d6d\u00fcllendirildi K\u0131r\u015fehir \u0130l Mill\u00ee E\u011fitim M\u00fcd\u00fcrl\u00fc\u011f\u00fc taraf\u0131ndan il genelinde d\u00fczenlenen \u00e7e\u015fitli sosyal, k\u00fclt\u00fcrel ve sanatsal yar\u0131\u015fmalarda dereceye giren \u00f6\u011frenciler i\u00e7in \u00f6d\u00fcl t\u00f6reni d\u00fczenlendi. &#8220;\u0130stikl\u00e2l Mar\u015f\u0131\u2019n\u0131 G\u00fczel Okuma&#8221;, \u00c7anakkale Zaferi\u2019nin 111. y\u0131l d\u00f6n\u00fcm\u00fc kapsam\u0131nda d\u00fczenlenen resim, \u015fiir ve hik\u00e2ye yar\u0131\u015fmalar\u0131 ile 23 Nisan Ulusal Egemenlik ve \u00c7ocuk Bayram\u0131 etkinlikleri \u00e7er\u00e7evesinde ger\u00e7ekle\u015ftirilen yar\u0131\u015fmalarda il [&hellip;]<\/p>\n","protected":false},"author":1,"featured_media":2362,"comment_status":"open","ping_status":"open","sticky":false,"template":"","format":"standard","meta":{"footnotes":""},"categories":[10],"tags":[],"class_list":["post-2361","post","type-post","status-publish","format-standard","has-post-thumbnail","hentry","category-egitim"],"_links":{"self":[{"href":"https:\/\/www.kirsehirses.com\/index.php\/wp-json\/wp\/v2\/posts\/2361","targetHints":{"allow":["GET"]}}],"collection":[{"href":"https:\/\/www.kirsehirses.com\/index.php\/wp-json\/wp\/v2\/posts"}],"about":[{"href":"https:\/\/www.kirsehirses.com\/index.php\/wp-json\/wp\/v2\/types\/post"}],"author":[{"embeddable":true,"href":"https:\/\/www.kirsehirses.com\/index.php\/wp-json\/wp\/v2\/users\/1"}],"replies":[{"embeddable":true,"href":"https:\/\/www.kirsehirses.com\/index.php\/wp-json\/wp\/v2\/comments?post=2361"}],"version-history":[{"count":1,"href":"https:\/\/www.kirsehirses.com\/index.php\/wp-json\/wp\/v2\/posts\/2361\/revisions"}],"predecessor-version":[{"id":2363,"href":"https:\/\/www.kirsehirses.com\/index.php\/wp-json\/wp\/v2\/posts\/2361\/revisions\/2363"}],"wp:featuredmedia":[{"embeddable":true,"href":"https:\/\/www.kirsehirses.com\/index.php\/wp-json\/wp\/v2\/media\/2362"}],"wp:attachment":[{"href":"https:\/\/www.kirsehirses.com\/index.php\/wp-json\/wp\/v2\/media?parent=2361"}],"wp:term":[{"taxonomy":"category","embeddable":true,"href":"https:\/\/www.kirsehirses.com\/index.php\/wp-json\/wp\/v2\/categories?post=2361"},{"taxonomy":"post_tag","embeddable":true,"href":"https:\/\/www.kirsehirses.com\/index.php\/wp-json\/wp\/v2\/tags?post=2361"}],"curies":[{"name":"wp","href":"https:\/\/api.w.org\/{rel}","templated":true}]}}