{"id":2364,"date":"2026-04-26T06:53:38","date_gmt":"2026-04-26T03:53:38","guid":{"rendered":"https:\/\/www.kirsehirses.com\/?p=2364"},"modified":"2026-04-26T06:53:38","modified_gmt":"2026-04-26T03:53:38","slug":"kultur-sanat-yarismalari-sonuclandi","status":"publish","type":"post","link":"https:\/\/www.kirsehirses.com\/index.php\/2026\/04\/26\/kultur-sanat-yarismalari-sonuclandi\/","title":{"rendered":"K\u00fclt\u00fcr Sanat Yar\u0131\u015fmalar\u0131 Sonu\u00e7land\u0131"},"content":{"rendered":"<p>K\u00fclt\u00fcr Sanat Yar\u0131\u015fmalar\u0131 Sonu\u00e7land\u0131<\/p>\n<p>Gen\u00e7lik ve Spor Bakanl\u0131\u011f\u0131 koordinasyonunda d\u00fczenlenen Liseler Aras\u0131 K\u00fclt\u00fcr ve Sanat Yar\u0131\u015fmalar\u0131, K\u0131r\u015fehir \u0130l Mill\u00ee E\u011fitim M\u00fcd\u00fcrl\u00fc\u011f\u00fc ile Gen\u00e7lik ve Spor \u0130l M\u00fcd\u00fcrl\u00fc\u011f\u00fc\u2019n\u00fcn i\u015f birli\u011finde ba\u015far\u0131yla tamamland\u0131.<\/p>\n<p>Gen\u00e7lerin yeteneklerini sergiledi\u011fi ve k\u0131yas\u0131ya m\u00fccadele etti\u011fi yar\u0131\u015fmalar sonucunda, K\u0131r\u015fehir Ahi Evran Anadolu Lisesi b\u00fcnyesindeki Gen\u00e7 Ahiler Grubu sergiledi\u011fi performansla birincilik k\u00fcrs\u00fcs\u00fcne \u00e7\u0131kmay\u0131 ba\u015fard\u0131. Yar\u0131\u015fman\u0131n di\u011fer derecelerine ise tek bir okul damga vurdu; Prof. Dr. \u0130lhan K\u0131l\u0131\u00e7\u00f6zl\u00fc Fen Lisesi, Karars\u0131zlar Grubu ile ikinci, Grup-2 isimli ekibiyle de \u00fc\u00e7\u00fcnc\u00fc olarak b\u00fcy\u00fck bir ba\u015far\u0131ya imza att\u0131.<\/p>\n<p>Yetkililer k\u00fclt\u00fcrel etkinliklerin gen\u00e7ler aras\u0131ndaki dayan\u0131\u015fmay\u0131 art\u0131rd\u0131\u011f\u0131n\u0131 vurgulayarak dereceye giren \u00f6\u011frencileri tebrik etti.<\/p>\n","protected":false},"excerpt":{"rendered":"<p>K\u00fclt\u00fcr Sanat Yar\u0131\u015fmalar\u0131 Sonu\u00e7land\u0131 Gen\u00e7lik ve Spor Bakanl\u0131\u011f\u0131 koordinasyonunda d\u00fczenlenen Liseler Aras\u0131 K\u00fclt\u00fcr ve Sanat Yar\u0131\u015fmalar\u0131, K\u0131r\u015fehir \u0130l Mill\u00ee E\u011fitim M\u00fcd\u00fcrl\u00fc\u011f\u00fc ile Gen\u00e7lik ve Spor \u0130l M\u00fcd\u00fcrl\u00fc\u011f\u00fc\u2019n\u00fcn i\u015f birli\u011finde ba\u015far\u0131yla tamamland\u0131. Gen\u00e7lerin yeteneklerini sergiledi\u011fi ve k\u0131yas\u0131ya m\u00fccadele etti\u011fi yar\u0131\u015fmalar sonucunda, K\u0131r\u015fehir Ahi Evran Anadolu Lisesi b\u00fcnyesindeki Gen\u00e7 Ahiler Grubu sergiledi\u011fi performansla birincilik k\u00fcrs\u00fcs\u00fcne \u00e7\u0131kmay\u0131 ba\u015fard\u0131. [&hellip;]<\/p>\n","protected":false},"author":1,"featured_media":2365,"comment_status":"open","ping_status":"open","sticky":false,"template":"","format":"standard","meta":{"footnotes":""},"categories":[8,7],"tags":[],"class_list":["post-2364","post","type-post","status-publish","format-standard","has-post-thumbnail","hentry","category-kirsehir","category-turkiye"],"_links":{"self":[{"href":"https:\/\/www.kirsehirses.com\/index.php\/wp-json\/wp\/v2\/posts\/2364","targetHints":{"allow":["GET"]}}],"collection":[{"href":"https:\/\/www.kirsehirses.com\/index.php\/wp-json\/wp\/v2\/posts"}],"about":[{"href":"https:\/\/www.kirsehirses.com\/index.php\/wp-json\/wp\/v2\/types\/post"}],"author":[{"embeddable":true,"href":"https:\/\/www.kirsehirses.com\/index.php\/wp-json\/wp\/v2\/users\/1"}],"replies":[{"embeddable":true,"href":"https:\/\/www.kirsehirses.com\/index.php\/wp-json\/wp\/v2\/comments?post=2364"}],"version-history":[{"count":1,"href":"https:\/\/www.kirsehirses.com\/index.php\/wp-json\/wp\/v2\/posts\/2364\/revisions"}],"predecessor-version":[{"id":2366,"href":"https:\/\/www.kirsehirses.com\/index.php\/wp-json\/wp\/v2\/posts\/2364\/revisions\/2366"}],"wp:featuredmedia":[{"embeddable":true,"href":"https:\/\/www.kirsehirses.com\/index.php\/wp-json\/wp\/v2\/media\/2365"}],"wp:attachment":[{"href":"https:\/\/www.kirsehirses.com\/index.php\/wp-json\/wp\/v2\/media?parent=2364"}],"wp:term":[{"taxonomy":"category","embeddable":true,"href":"https:\/\/www.kirsehirses.com\/index.php\/wp-json\/wp\/v2\/categories?post=2364"},{"taxonomy":"post_tag","embeddable":true,"href":"https:\/\/www.kirsehirses.com\/index.php\/wp-json\/wp\/v2\/tags?post=2364"}],"curies":[{"name":"wp","href":"https:\/\/api.w.org\/{rel}","templated":true}]}}