{"id":2367,"date":"2026-04-26T06:54:20","date_gmt":"2026-04-26T03:54:20","guid":{"rendered":"https:\/\/www.kirsehirses.com\/?p=2367"},"modified":"2026-04-26T06:54:20","modified_gmt":"2026-04-26T03:54:20","slug":"belediye-personelinden-ornek-davranis","status":"publish","type":"post","link":"https:\/\/www.kirsehirses.com\/index.php\/2026\/04\/26\/belediye-personelinden-ornek-davranis\/","title":{"rendered":"Belediye Personelinden \u00d6rnek Davran\u0131\u015f"},"content":{"rendered":"<p><strong>Belediye Personelinden \u00d6rnek Davran\u0131\u015f<\/strong><\/p>\n<p>K\u0131r\u015fehir Belediye Ba\u015fkan\u0131 Selahattin Ekicio\u011flu, temizlik yaparken buldu\u011fu alt\u0131nlar\u0131 Zab\u0131ta M\u00fcd\u00fcrl\u00fc\u011f\u00fcne teslim eden belediye personeli Ya\u015far Akdo\u011fan\u2019\u0131 tebrik etti.<\/p>\n<p>G\u00f6rev ba\u015f\u0131ndayken buldu\u011fu bir miktar alt\u0131n\u0131 sahibine ula\u015ft\u0131r\u0131lmas\u0131 i\u00e7in yetkililere teslim eden Temizlik \u0130\u015fleri M\u00fcd\u00fcrl\u00fc\u011f\u00fc personeli Ya\u015far Akdo\u011fan, bu \u00f6rnek davran\u0131\u015f\u0131yla takdir toplad\u0131.<\/p>\n<p>Ba\u015fkan Ekicio\u011flu, erdemli duru\u015fundan dolay\u0131 Akdo\u011fan\u2019\u0131 makam\u0131nda a\u011f\u0131rlayarak, &#8220;Mesai arkada\u015f\u0131m\u0131z\u0131n sergiledi\u011fi bu erdemli davran\u0131\u015f\u0131ndan dolay\u0131 kutluyorum,&#8221; dedi.<\/p>\n","protected":false},"excerpt":{"rendered":"<p>Belediye Personelinden \u00d6rnek Davran\u0131\u015f K\u0131r\u015fehir Belediye Ba\u015fkan\u0131 Selahattin Ekicio\u011flu, temizlik yaparken buldu\u011fu alt\u0131nlar\u0131 Zab\u0131ta M\u00fcd\u00fcrl\u00fc\u011f\u00fcne teslim eden belediye personeli Ya\u015far Akdo\u011fan\u2019\u0131 tebrik etti. G\u00f6rev ba\u015f\u0131ndayken buldu\u011fu bir miktar alt\u0131n\u0131 sahibine ula\u015ft\u0131r\u0131lmas\u0131 i\u00e7in yetkililere teslim eden Temizlik \u0130\u015fleri M\u00fcd\u00fcrl\u00fc\u011f\u00fc personeli Ya\u015far Akdo\u011fan, bu \u00f6rnek davran\u0131\u015f\u0131yla takdir toplad\u0131. Ba\u015fkan Ekicio\u011flu, erdemli duru\u015fundan dolay\u0131 Akdo\u011fan\u2019\u0131 makam\u0131nda a\u011f\u0131rlayarak, &#8220;Mesai [&hellip;]<\/p>\n","protected":false},"author":1,"featured_media":2368,"comment_status":"open","ping_status":"open","sticky":false,"template":"","format":"standard","meta":{"footnotes":""},"categories":[8],"tags":[],"class_list":["post-2367","post","type-post","status-publish","format-standard","has-post-thumbnail","hentry","category-kirsehir"],"_links":{"self":[{"href":"https:\/\/www.kirsehirses.com\/index.php\/wp-json\/wp\/v2\/posts\/2367","targetHints":{"allow":["GET"]}}],"collection":[{"href":"https:\/\/www.kirsehirses.com\/index.php\/wp-json\/wp\/v2\/posts"}],"about":[{"href":"https:\/\/www.kirsehirses.com\/index.php\/wp-json\/wp\/v2\/types\/post"}],"author":[{"embeddable":true,"href":"https:\/\/www.kirsehirses.com\/index.php\/wp-json\/wp\/v2\/users\/1"}],"replies":[{"embeddable":true,"href":"https:\/\/www.kirsehirses.com\/index.php\/wp-json\/wp\/v2\/comments?post=2367"}],"version-history":[{"count":1,"href":"https:\/\/www.kirsehirses.com\/index.php\/wp-json\/wp\/v2\/posts\/2367\/revisions"}],"predecessor-version":[{"id":2369,"href":"https:\/\/www.kirsehirses.com\/index.php\/wp-json\/wp\/v2\/posts\/2367\/revisions\/2369"}],"wp:featuredmedia":[{"embeddable":true,"href":"https:\/\/www.kirsehirses.com\/index.php\/wp-json\/wp\/v2\/media\/2368"}],"wp:attachment":[{"href":"https:\/\/www.kirsehirses.com\/index.php\/wp-json\/wp\/v2\/media?parent=2367"}],"wp:term":[{"taxonomy":"category","embeddable":true,"href":"https:\/\/www.kirsehirses.com\/index.php\/wp-json\/wp\/v2\/categories?post=2367"},{"taxonomy":"post_tag","embeddable":true,"href":"https:\/\/www.kirsehirses.com\/index.php\/wp-json\/wp\/v2\/tags?post=2367"}],"curies":[{"name":"wp","href":"https:\/\/api.w.org\/{rel}","templated":true}]}}