{"id":237,"date":"2025-09-15T01:10:21","date_gmt":"2025-09-14T22:10:21","guid":{"rendered":"https:\/\/www.kirsehirses.com\/?p=237"},"modified":"2025-09-15T01:10:21","modified_gmt":"2025-09-14T22:10:21","slug":"zirai-don-zarari-goren-ciftcilere-destek-karari-resmi-gazetede","status":"publish","type":"post","link":"https:\/\/www.kirsehirses.com\/index.php\/2025\/09\/15\/zirai-don-zarari-goren-ciftcilere-destek-karari-resmi-gazetede\/","title":{"rendered":"Zirai Don Zarar\u0131 G\u00f6ren \u00c7ift\u00e7ilere Destek Karar\u0131 Resmi Gazetede"},"content":{"rendered":"<p><strong>Zirai Don Zarar\u0131 G\u00f6ren \u00c7ift\u00e7ilere Destek Karar\u0131 Resmi Gazetede<\/strong><\/p>\n<p>Cumhurba\u015fkan\u0131 Recep Tayyip Erdo\u011fan\u2019\u0131n imzas\u0131yla Resmi Gazete\u2019de yay\u0131mlanan kararla, zirai dondan etkilenen \u00e7ift\u00e7ilerin zararlar\u0131n\u0131n kar\u015f\u0131lanmas\u0131na y\u00f6nelik \u00f6nemli bir ad\u0131m at\u0131ld\u0131.<\/p>\n<p>Karar kapsam\u0131nda, 16 \u00fcr\u00fcn\u00fc kapsayan listede \u00fcr\u00fcnleri %20 ve \u00fczerinde zarar g\u00f6ren \u00e7ift\u00e7ilere destek verilecek. Tar\u0131m sigortas\u0131 olmayan veya poli\u00e7esinde don teminat\u0131 bulunmayan \u00fcreticiler de bu destekten faydalanabilecek.<\/p>\n<p>Karar\u0131n yay\u0131mlanmas\u0131n\u0131n ard\u0131ndan AK Parti K\u0131r\u015fehir Milletvekili Necmettin Erkan ve \u0130l Ba\u015fkan\u0131 Seher \u00dcnsal, sosyal medya hesaplar\u0131ndan yapt\u0131klar\u0131 a\u00e7\u0131klamalarla Cumhurba\u015fkan\u0131 Erdo\u011fan\u2019a ve Tar\u0131m ve Orman Bakan\u0131 \u0130brahim Yumakl\u0131\u2019ya te\u015fekk\u00fcr etti.<\/p>\n<p>Destek \u00f6demeleriyle birlikte, don afetinden etkilenen \u00fcreticilerin ekonomik kay\u0131plar\u0131n\u0131n hafifletilmesi hedefleniyor.<\/p>\n<p><img loading=\"lazy\" decoding=\"async\" class=\"alignnone size-full wp-image-238\" src=\"https:\/\/www.kirsehirses.com\/wp-content\/uploads\/2025\/09\/WhatsApp-Gorsel-2025-09-14-saat-13.50.10_b2af520a.jpg\" alt=\"\" width=\"896\" height=\"504\" srcset=\"https:\/\/www.kirsehirses.com\/wp-content\/uploads\/2025\/09\/WhatsApp-Gorsel-2025-09-14-saat-13.50.10_b2af520a.jpg 896w, https:\/\/www.kirsehirses.com\/wp-content\/uploads\/2025\/09\/WhatsApp-Gorsel-2025-09-14-saat-13.50.10_b2af520a-300x169.jpg 300w, https:\/\/www.kirsehirses.com\/wp-content\/uploads\/2025\/09\/WhatsApp-Gorsel-2025-09-14-saat-13.50.10_b2af520a-768x432.jpg 768w\" sizes=\"auto, (max-width: 896px) 100vw, 896px\" \/><\/p>\n","protected":false},"excerpt":{"rendered":"<p>Zirai Don Zarar\u0131 G\u00f6ren \u00c7ift\u00e7ilere Destek Karar\u0131 Resmi Gazetede Cumhurba\u015fkan\u0131 Recep Tayyip Erdo\u011fan\u2019\u0131n imzas\u0131yla Resmi Gazete\u2019de yay\u0131mlanan kararla, zirai dondan etkilenen \u00e7ift\u00e7ilerin zararlar\u0131n\u0131n kar\u015f\u0131lanmas\u0131na y\u00f6nelik \u00f6nemli bir ad\u0131m at\u0131ld\u0131. Karar kapsam\u0131nda, 16 \u00fcr\u00fcn\u00fc kapsayan listede \u00fcr\u00fcnleri %20 ve \u00fczerinde zarar g\u00f6ren \u00e7ift\u00e7ilere destek verilecek. Tar\u0131m sigortas\u0131 olmayan veya poli\u00e7esinde don teminat\u0131 bulunmayan \u00fcreticiler de bu [&hellip;]<\/p>\n","protected":false},"author":1,"featured_media":238,"comment_status":"open","ping_status":"open","sticky":false,"template":"","format":"standard","meta":{"footnotes":""},"categories":[2,7],"tags":[],"class_list":["post-237","post","type-post","status-publish","format-standard","has-post-thumbnail","hentry","category-ekonomi","category-turkiye"],"_links":{"self":[{"href":"https:\/\/www.kirsehirses.com\/index.php\/wp-json\/wp\/v2\/posts\/237","targetHints":{"allow":["GET"]}}],"collection":[{"href":"https:\/\/www.kirsehirses.com\/index.php\/wp-json\/wp\/v2\/posts"}],"about":[{"href":"https:\/\/www.kirsehirses.com\/index.php\/wp-json\/wp\/v2\/types\/post"}],"author":[{"embeddable":true,"href":"https:\/\/www.kirsehirses.com\/index.php\/wp-json\/wp\/v2\/users\/1"}],"replies":[{"embeddable":true,"href":"https:\/\/www.kirsehirses.com\/index.php\/wp-json\/wp\/v2\/comments?post=237"}],"version-history":[{"count":1,"href":"https:\/\/www.kirsehirses.com\/index.php\/wp-json\/wp\/v2\/posts\/237\/revisions"}],"predecessor-version":[{"id":239,"href":"https:\/\/www.kirsehirses.com\/index.php\/wp-json\/wp\/v2\/posts\/237\/revisions\/239"}],"wp:featuredmedia":[{"embeddable":true,"href":"https:\/\/www.kirsehirses.com\/index.php\/wp-json\/wp\/v2\/media\/238"}],"wp:attachment":[{"href":"https:\/\/www.kirsehirses.com\/index.php\/wp-json\/wp\/v2\/media?parent=237"}],"wp:term":[{"taxonomy":"category","embeddable":true,"href":"https:\/\/www.kirsehirses.com\/index.php\/wp-json\/wp\/v2\/categories?post=237"},{"taxonomy":"post_tag","embeddable":true,"href":"https:\/\/www.kirsehirses.com\/index.php\/wp-json\/wp\/v2\/tags?post=237"}],"curies":[{"name":"wp","href":"https:\/\/api.w.org\/{rel}","templated":true}]}}