{"id":2373,"date":"2026-04-26T06:59:19","date_gmt":"2026-04-26T03:59:19","guid":{"rendered":"https:\/\/www.kirsehirses.com\/?p=2373"},"modified":"2026-04-26T06:59:19","modified_gmt":"2026-04-26T03:59:19","slug":"kirsehir-fskdan-stadyum-tepkisi-yer-belirsizligi-endise-veriyor","status":"publish","type":"post","link":"https:\/\/www.kirsehirses.com\/index.php\/2026\/04\/26\/kirsehir-fskdan-stadyum-tepkisi-yer-belirsizligi-endise-veriyor\/","title":{"rendered":"K\u0131r\u015fehir FSK&#8217;dan Stadyum Tepkisi: &#8220;Yer Belirsizli\u011fi Endi\u015fe Veriyor!&#8221;"},"content":{"rendered":"<p><strong>K\u0131r\u015fehir FSK&#8217;dan Stadyum Tepkisi: &#8220;Yer Belirsizli\u011fi Endi\u015fe Veriyor!&#8221;<\/strong><\/p>\n<p>K\u0131r\u015fehir FSK, \u015fehrin g\u00fcndemindeki yeni stadyum projesine ili\u015fkin sessizli\u011fini bozdu. Kul\u00fcp y\u00f6netimi taraf\u0131ndan yap\u0131lan a\u00e7\u0131klamada, projenin yer se\u00e7imine dair belirsizli\u011fin kamuoyunda rahats\u0131zl\u0131k olu\u015fturdu\u011fu ifade edildi.<\/p>\n<p>A\u00e7\u0131klamada, stadyum yat\u0131r\u0131m\u0131n\u0131n K\u0131r\u015fehir\u2019in sportif gelece\u011fi a\u00e7\u0131s\u0131ndan b\u00fcy\u00fck \u00f6nem ta\u015f\u0131d\u0131\u011f\u0131 vurgulan\u0131rken, hen\u00fcz net bir yer belirlenmemesinin soru i\u015faretlerini art\u0131rd\u0131\u011f\u0131 kaydedildi.<\/p>\n<p>Kul\u00fcp y\u00f6netimi, stadyumun \u015fehir merkezinde konumland\u0131r\u0131lmas\u0131 gerekti\u011fini belirterek; ula\u015f\u0131m kolayl\u0131\u011f\u0131, taraftar kat\u0131l\u0131m\u0131 ve \u015fehir ekonomisine katk\u0131 gibi unsurlar\u0131n bu tercihte belirleyici oldu\u011funu ifade etti.<\/p>\n<p>Yetkililerden konuyla ilgili net bir ad\u0131m beklenirken, spor camias\u0131 ve vatanda\u015flar s\u00fcrecin nas\u0131l ilerleyece\u011fini yak\u0131ndan takip ediyor.<\/p>\n","protected":false},"excerpt":{"rendered":"<p>K\u0131r\u015fehir FSK&#8217;dan Stadyum Tepkisi: &#8220;Yer Belirsizli\u011fi Endi\u015fe Veriyor!&#8221; K\u0131r\u015fehir FSK, \u015fehrin g\u00fcndemindeki yeni stadyum projesine ili\u015fkin sessizli\u011fini bozdu. Kul\u00fcp y\u00f6netimi taraf\u0131ndan yap\u0131lan a\u00e7\u0131klamada, projenin yer se\u00e7imine dair belirsizli\u011fin kamuoyunda rahats\u0131zl\u0131k olu\u015fturdu\u011fu ifade edildi. A\u00e7\u0131klamada, stadyum yat\u0131r\u0131m\u0131n\u0131n K\u0131r\u015fehir\u2019in sportif gelece\u011fi a\u00e7\u0131s\u0131ndan b\u00fcy\u00fck \u00f6nem ta\u015f\u0131d\u0131\u011f\u0131 vurgulan\u0131rken, hen\u00fcz net bir yer belirlenmemesinin soru i\u015faretlerini art\u0131rd\u0131\u011f\u0131 kaydedildi. Kul\u00fcp y\u00f6netimi, [&hellip;]<\/p>\n","protected":false},"author":1,"featured_media":2374,"comment_status":"open","ping_status":"open","sticky":false,"template":"","format":"standard","meta":{"footnotes":""},"categories":[4],"tags":[],"class_list":["post-2373","post","type-post","status-publish","format-standard","has-post-thumbnail","hentry","category-spor"],"_links":{"self":[{"href":"https:\/\/www.kirsehirses.com\/index.php\/wp-json\/wp\/v2\/posts\/2373","targetHints":{"allow":["GET"]}}],"collection":[{"href":"https:\/\/www.kirsehirses.com\/index.php\/wp-json\/wp\/v2\/posts"}],"about":[{"href":"https:\/\/www.kirsehirses.com\/index.php\/wp-json\/wp\/v2\/types\/post"}],"author":[{"embeddable":true,"href":"https:\/\/www.kirsehirses.com\/index.php\/wp-json\/wp\/v2\/users\/1"}],"replies":[{"embeddable":true,"href":"https:\/\/www.kirsehirses.com\/index.php\/wp-json\/wp\/v2\/comments?post=2373"}],"version-history":[{"count":1,"href":"https:\/\/www.kirsehirses.com\/index.php\/wp-json\/wp\/v2\/posts\/2373\/revisions"}],"predecessor-version":[{"id":2375,"href":"https:\/\/www.kirsehirses.com\/index.php\/wp-json\/wp\/v2\/posts\/2373\/revisions\/2375"}],"wp:featuredmedia":[{"embeddable":true,"href":"https:\/\/www.kirsehirses.com\/index.php\/wp-json\/wp\/v2\/media\/2374"}],"wp:attachment":[{"href":"https:\/\/www.kirsehirses.com\/index.php\/wp-json\/wp\/v2\/media?parent=2373"}],"wp:term":[{"taxonomy":"category","embeddable":true,"href":"https:\/\/www.kirsehirses.com\/index.php\/wp-json\/wp\/v2\/categories?post=2373"},{"taxonomy":"post_tag","embeddable":true,"href":"https:\/\/www.kirsehirses.com\/index.php\/wp-json\/wp\/v2\/tags?post=2373"}],"curies":[{"name":"wp","href":"https:\/\/api.w.org\/{rel}","templated":true}]}}