{"id":2376,"date":"2026-04-26T07:00:18","date_gmt":"2026-04-26T04:00:18","guid":{"rendered":"https:\/\/www.kirsehirses.com\/?p=2376"},"modified":"2026-04-26T07:00:18","modified_gmt":"2026-04-26T04:00:18","slug":"kirsehirde-sporda-kadin-vizyonu-konulu-uluslararasi-sempozyum","status":"publish","type":"post","link":"https:\/\/www.kirsehirses.com\/index.php\/2026\/04\/26\/kirsehirde-sporda-kadin-vizyonu-konulu-uluslararasi-sempozyum\/","title":{"rendered":"K\u0131r\u015fehir\u2019de \u2018Sporda Kad\u0131n Vizyonu\u2019 Konulu Uluslararas\u0131 Sempozyum"},"content":{"rendered":"<p><strong>K\u0131r\u015fehir\u2019de \u2018Sporda Kad\u0131n Vizyonu\u2019 Konulu Uluslararas\u0131 Sempozyum<\/strong><\/p>\n<p>K\u0131r\u015fehir Ahi Evran \u00dcniversitesi taraf\u0131ndan 22 Nisan 2026 tarihinde (bug\u00fcn) d\u00fczenlenen II. Uluslararas\u0131 Kat\u0131l\u0131ml\u0131 Fizyoterapi ve I. Ahi Fizyoterapi \u00d6\u011frenci Sempozyumu, yo\u011fun bir kat\u0131l\u0131mla ger\u00e7ekle\u015ftirildi.<\/p>\n<p>\u201cUluslararas\u0131 Kariyer ve Sporda Kad\u0131n Vizyonu&#8221; temas\u0131yla d\u00fczenlenen etkinlikte, sporda multidisipliner yakla\u015f\u0131mlar, para-sporlarda kad\u0131n olman\u0131n \u00f6nemi ve \u015fampiyon sporcular\u0131n sa\u011fl\u0131k ekibinden beklentileri ele al\u0131nd\u0131.<\/p>\n<p>Program\u0131n \u00f6\u011fleden sonraki b\u00f6l\u00fcm\u00fcnde ise \u00f6\u011frenciler global kariyer yolculuklar\u0131na odakland\u0131; \u0130ngiltere, Almanya ve Amerika\u2019daki klinik deneyimler ile akademik s\u00fcre\u00e7ler uzman fizyoterapistler taraf\u0131ndan payla\u015f\u0131ld\u0131.<\/p>\n<p>T\u00fcrkiye Fizyoterapistler Derne\u011fi ve Spor Fizyoterapistleri Derne\u011fi\u2019nin sunumlar\u0131yla zenginle\u015fen sempozyumda, dereceye giren poster sunumlar\u0131na \u00f6d\u00fclleri takdim edildi.<\/p>\n<p>Etkinlik, kat\u0131l\u0131mc\u0131lar\u0131n Sporcu Sa\u011fl\u0131\u011f\u0131 Ara\u015ft\u0131rma, Uygulama ve Termal Rehabilitasyon Merkezi&#8217;ni (SAUTER) ziyaretiyle sona erdi.<\/p>\n","protected":false},"excerpt":{"rendered":"<p>K\u0131r\u015fehir\u2019de \u2018Sporda Kad\u0131n Vizyonu\u2019 Konulu Uluslararas\u0131 Sempozyum K\u0131r\u015fehir Ahi Evran \u00dcniversitesi taraf\u0131ndan 22 Nisan 2026 tarihinde (bug\u00fcn) d\u00fczenlenen II. Uluslararas\u0131 Kat\u0131l\u0131ml\u0131 Fizyoterapi ve I. Ahi Fizyoterapi \u00d6\u011frenci Sempozyumu, yo\u011fun bir kat\u0131l\u0131mla ger\u00e7ekle\u015ftirildi. \u201cUluslararas\u0131 Kariyer ve Sporda Kad\u0131n Vizyonu&#8221; temas\u0131yla d\u00fczenlenen etkinlikte, sporda multidisipliner yakla\u015f\u0131mlar, para-sporlarda kad\u0131n olman\u0131n \u00f6nemi ve \u015fampiyon sporcular\u0131n sa\u011fl\u0131k ekibinden beklentileri ele [&hellip;]<\/p>\n","protected":false},"author":1,"featured_media":2377,"comment_status":"open","ping_status":"open","sticky":false,"template":"","format":"standard","meta":{"footnotes":""},"categories":[10],"tags":[],"class_list":["post-2376","post","type-post","status-publish","format-standard","has-post-thumbnail","hentry","category-egitim"],"_links":{"self":[{"href":"https:\/\/www.kirsehirses.com\/index.php\/wp-json\/wp\/v2\/posts\/2376","targetHints":{"allow":["GET"]}}],"collection":[{"href":"https:\/\/www.kirsehirses.com\/index.php\/wp-json\/wp\/v2\/posts"}],"about":[{"href":"https:\/\/www.kirsehirses.com\/index.php\/wp-json\/wp\/v2\/types\/post"}],"author":[{"embeddable":true,"href":"https:\/\/www.kirsehirses.com\/index.php\/wp-json\/wp\/v2\/users\/1"}],"replies":[{"embeddable":true,"href":"https:\/\/www.kirsehirses.com\/index.php\/wp-json\/wp\/v2\/comments?post=2376"}],"version-history":[{"count":1,"href":"https:\/\/www.kirsehirses.com\/index.php\/wp-json\/wp\/v2\/posts\/2376\/revisions"}],"predecessor-version":[{"id":2378,"href":"https:\/\/www.kirsehirses.com\/index.php\/wp-json\/wp\/v2\/posts\/2376\/revisions\/2378"}],"wp:featuredmedia":[{"embeddable":true,"href":"https:\/\/www.kirsehirses.com\/index.php\/wp-json\/wp\/v2\/media\/2377"}],"wp:attachment":[{"href":"https:\/\/www.kirsehirses.com\/index.php\/wp-json\/wp\/v2\/media?parent=2376"}],"wp:term":[{"taxonomy":"category","embeddable":true,"href":"https:\/\/www.kirsehirses.com\/index.php\/wp-json\/wp\/v2\/categories?post=2376"},{"taxonomy":"post_tag","embeddable":true,"href":"https:\/\/www.kirsehirses.com\/index.php\/wp-json\/wp\/v2\/tags?post=2376"}],"curies":[{"name":"wp","href":"https:\/\/api.w.org\/{rel}","templated":true}]}}