{"id":2379,"date":"2026-04-26T07:01:16","date_gmt":"2026-04-26T04:01:16","guid":{"rendered":"https:\/\/www.kirsehirses.com\/?p=2379"},"modified":"2026-04-26T07:01:16","modified_gmt":"2026-04-26T04:01:16","slug":"kesikkopru-bolgesinde-turkiyeye-ornek-proje","status":"publish","type":"post","link":"https:\/\/www.kirsehirses.com\/index.php\/2026\/04\/26\/kesikkopru-bolgesinde-turkiyeye-ornek-proje\/","title":{"rendered":"Kesikk\u00f6pr\u00fc B\u00f6lgesinde T\u00fcrkiye\u2019ye \u00d6rnek Proje"},"content":{"rendered":"<p><strong>Kesikk\u00f6pr\u00fc B\u00f6lgesinde T\u00fcrkiye\u2019ye \u00d6rnek Proje<\/strong><\/p>\n<p>Tarihi Kesikk\u00f6pr\u00fc b\u00f6lgesinde, k\u0131rsal kalk\u0131nmaya yeni bir soluk getirecek olan &#8220;Tar\u0131msal Nitelikli Simbiyotik Ye\u015fil K\u00f6y Projesi&#8221; i\u00e7in imzalar at\u0131ld\u0131.<\/p>\n<p>K\u0131r\u015fehir Valili\u011fi ve KOP B\u00f6lge Kalk\u0131nma \u0130daresi Ba\u015fkanl\u0131\u011f\u0131 i\u015f birli\u011fiyle haz\u0131rlanan projenin protokol\u00fc, tarihi Kesikk\u00f6pr\u00fc Kervansaray\u0131\u2019nda imzaland\u0131. Tar\u0131m ve hayvanc\u0131l\u0131\u011f\u0131n yo\u011fun oldu\u011fu, ancak do\u011falgaz imk\u00e2n\u0131 bulunmayan alanlarda biyok\u00fctle ve g\u00fcne\u015f enerjisinin birlikte kullan\u0131laca\u011f\u0131 bu model, T\u00fcrkiye i\u00e7in \u00f6rnek bir kalk\u0131nma rehberi olmay\u0131 hedefliyor.<\/p>\n<p>Proje sayesinde \u00fcretim maliyetlerinin azalt\u0131lmas\u0131, sera ve so\u011fuk hava depolar\u0131nda enerji verimlili\u011finin art\u0131r\u0131lmas\u0131 ve k\u0131rsaldaki ya\u015fam kalitesinin y\u00fckseltilmesi ama\u00e7lan\u0131yor.<\/p>\n<p>K\u0131r\u015fehir Ahi Evran \u00dcniversitesi ve Kalk\u0131nma Ajanslar\u0131 Genel M\u00fcd\u00fcrl\u00fc\u011f\u00fc temsilcilerinin de destek verdi\u011fi bu giri\u015fim, yerel potansiyeli teknolojiyle birle\u015ftirerek istihdam\u0131 g\u00fc\u00e7lendirecek.<\/p>\n<p>S\u00fcrd\u00fcr\u00fclebilir kalk\u0131nma ad\u0131na kritik bir ad\u0131m olan bu ye\u015fil d\u00f6n\u00fc\u015f\u00fcm modelinin, K\u0131r\u015fehir\u2019in tar\u0131msal gelece\u011fine ve b\u00f6lge halk\u0131na b\u00fcy\u00fck katk\u0131 sunmas\u0131 bekleniyor.<\/p>\n","protected":false},"excerpt":{"rendered":"<p>Kesikk\u00f6pr\u00fc B\u00f6lgesinde T\u00fcrkiye\u2019ye \u00d6rnek Proje Tarihi Kesikk\u00f6pr\u00fc b\u00f6lgesinde, k\u0131rsal kalk\u0131nmaya yeni bir soluk getirecek olan &#8220;Tar\u0131msal Nitelikli Simbiyotik Ye\u015fil K\u00f6y Projesi&#8221; i\u00e7in imzalar at\u0131ld\u0131. K\u0131r\u015fehir Valili\u011fi ve KOP B\u00f6lge Kalk\u0131nma \u0130daresi Ba\u015fkanl\u0131\u011f\u0131 i\u015f birli\u011fiyle haz\u0131rlanan projenin protokol\u00fc, tarihi Kesikk\u00f6pr\u00fc Kervansaray\u0131\u2019nda imzaland\u0131. Tar\u0131m ve hayvanc\u0131l\u0131\u011f\u0131n yo\u011fun oldu\u011fu, ancak do\u011falgaz imk\u00e2n\u0131 bulunmayan alanlarda biyok\u00fctle ve g\u00fcne\u015f enerjisinin [&hellip;]<\/p>\n","protected":false},"author":1,"featured_media":2380,"comment_status":"open","ping_status":"open","sticky":false,"template":"","format":"standard","meta":{"footnotes":""},"categories":[8],"tags":[],"class_list":["post-2379","post","type-post","status-publish","format-standard","has-post-thumbnail","hentry","category-kirsehir"],"_links":{"self":[{"href":"https:\/\/www.kirsehirses.com\/index.php\/wp-json\/wp\/v2\/posts\/2379","targetHints":{"allow":["GET"]}}],"collection":[{"href":"https:\/\/www.kirsehirses.com\/index.php\/wp-json\/wp\/v2\/posts"}],"about":[{"href":"https:\/\/www.kirsehirses.com\/index.php\/wp-json\/wp\/v2\/types\/post"}],"author":[{"embeddable":true,"href":"https:\/\/www.kirsehirses.com\/index.php\/wp-json\/wp\/v2\/users\/1"}],"replies":[{"embeddable":true,"href":"https:\/\/www.kirsehirses.com\/index.php\/wp-json\/wp\/v2\/comments?post=2379"}],"version-history":[{"count":1,"href":"https:\/\/www.kirsehirses.com\/index.php\/wp-json\/wp\/v2\/posts\/2379\/revisions"}],"predecessor-version":[{"id":2381,"href":"https:\/\/www.kirsehirses.com\/index.php\/wp-json\/wp\/v2\/posts\/2379\/revisions\/2381"}],"wp:featuredmedia":[{"embeddable":true,"href":"https:\/\/www.kirsehirses.com\/index.php\/wp-json\/wp\/v2\/media\/2380"}],"wp:attachment":[{"href":"https:\/\/www.kirsehirses.com\/index.php\/wp-json\/wp\/v2\/media?parent=2379"}],"wp:term":[{"taxonomy":"category","embeddable":true,"href":"https:\/\/www.kirsehirses.com\/index.php\/wp-json\/wp\/v2\/categories?post=2379"},{"taxonomy":"post_tag","embeddable":true,"href":"https:\/\/www.kirsehirses.com\/index.php\/wp-json\/wp\/v2\/tags?post=2379"}],"curies":[{"name":"wp","href":"https:\/\/api.w.org\/{rel}","templated":true}]}}