{"id":2382,"date":"2026-04-26T07:02:07","date_gmt":"2026-04-26T04:02:07","guid":{"rendered":"https:\/\/www.kirsehirses.com\/?p=2382"},"modified":"2026-04-26T07:02:07","modified_gmt":"2026-04-26T04:02:07","slug":"milletvekili-erkan-ornek-proje-tersine-gocu-tesvik-edecek","status":"publish","type":"post","link":"https:\/\/www.kirsehirses.com\/index.php\/2026\/04\/26\/milletvekili-erkan-ornek-proje-tersine-gocu-tesvik-edecek\/","title":{"rendered":"Milletvekili Erkan: \u00d6rnek Proje Tersine G\u00f6\u00e7\u00fc Te\u015fvik Edecek"},"content":{"rendered":"<p><strong>Milletvekili Erkan: \u00d6rnek Proje Tersine G\u00f6\u00e7\u00fc Te\u015fvik Edecek<\/strong><\/p>\n<p>K\u0131r\u015fehir Milletvekili Necmettin Erkan, bug\u00fcn K\u0131r\u015fehir Valili\u011fi ile KOP \u0130daresi aras\u0131nda imzalanan Tar\u0131msal Nitelikli Simbiyotik Ye\u015fil K\u00f6y Projesi hakk\u0131nda a\u00e7\u0131klamada bulundu.<\/p>\n<p>Erkan, \u201cbu proje \u00fclkemizin \u00f6rnek projelerinden birisidir. K\u0131r\u015fehir\u2019de k\u0131rsalda \u00fcretimi g\u00fc\u00e7lendiren, ya\u015fam kalitesini art\u0131ran ve tersine g\u00f6\u00e7\u00fc te\u015fvik eden bir modeli hayata ge\u00e7iriyoruz.<\/p>\n<p>Projeye b\u00fcy\u00fck destek veren Cumhurba\u015fkan\u0131m\u0131z Recep Tayyip Erdo\u011fan\u2019a \u015f\u00fckranlar\u0131m\u0131 sunuyor; Valimiz Murat Sefa Demiry\u00fcrek\u2019e ve KOP B\u00f6lge Kalk\u0131nma \u0130daresi Ba\u015fkanl\u0131\u011f\u0131\u2019na te\u015fekk\u00fcr ediyorum,\u201d dedi.<\/p>\n","protected":false},"excerpt":{"rendered":"<p>Milletvekili Erkan: \u00d6rnek Proje Tersine G\u00f6\u00e7\u00fc Te\u015fvik Edecek K\u0131r\u015fehir Milletvekili Necmettin Erkan, bug\u00fcn K\u0131r\u015fehir Valili\u011fi ile KOP \u0130daresi aras\u0131nda imzalanan Tar\u0131msal Nitelikli Simbiyotik Ye\u015fil K\u00f6y Projesi hakk\u0131nda a\u00e7\u0131klamada bulundu. Erkan, \u201cbu proje \u00fclkemizin \u00f6rnek projelerinden birisidir. K\u0131r\u015fehir\u2019de k\u0131rsalda \u00fcretimi g\u00fc\u00e7lendiren, ya\u015fam kalitesini art\u0131ran ve tersine g\u00f6\u00e7\u00fc te\u015fvik eden bir modeli hayata ge\u00e7iriyoruz. Projeye b\u00fcy\u00fck destek [&hellip;]<\/p>\n","protected":false},"author":1,"featured_media":2383,"comment_status":"open","ping_status":"open","sticky":false,"template":"","format":"standard","meta":{"footnotes":""},"categories":[8],"tags":[],"class_list":["post-2382","post","type-post","status-publish","format-standard","has-post-thumbnail","hentry","category-kirsehir"],"_links":{"self":[{"href":"https:\/\/www.kirsehirses.com\/index.php\/wp-json\/wp\/v2\/posts\/2382","targetHints":{"allow":["GET"]}}],"collection":[{"href":"https:\/\/www.kirsehirses.com\/index.php\/wp-json\/wp\/v2\/posts"}],"about":[{"href":"https:\/\/www.kirsehirses.com\/index.php\/wp-json\/wp\/v2\/types\/post"}],"author":[{"embeddable":true,"href":"https:\/\/www.kirsehirses.com\/index.php\/wp-json\/wp\/v2\/users\/1"}],"replies":[{"embeddable":true,"href":"https:\/\/www.kirsehirses.com\/index.php\/wp-json\/wp\/v2\/comments?post=2382"}],"version-history":[{"count":1,"href":"https:\/\/www.kirsehirses.com\/index.php\/wp-json\/wp\/v2\/posts\/2382\/revisions"}],"predecessor-version":[{"id":2384,"href":"https:\/\/www.kirsehirses.com\/index.php\/wp-json\/wp\/v2\/posts\/2382\/revisions\/2384"}],"wp:featuredmedia":[{"embeddable":true,"href":"https:\/\/www.kirsehirses.com\/index.php\/wp-json\/wp\/v2\/media\/2383"}],"wp:attachment":[{"href":"https:\/\/www.kirsehirses.com\/index.php\/wp-json\/wp\/v2\/media?parent=2382"}],"wp:term":[{"taxonomy":"category","embeddable":true,"href":"https:\/\/www.kirsehirses.com\/index.php\/wp-json\/wp\/v2\/categories?post=2382"},{"taxonomy":"post_tag","embeddable":true,"href":"https:\/\/www.kirsehirses.com\/index.php\/wp-json\/wp\/v2\/tags?post=2382"}],"curies":[{"name":"wp","href":"https:\/\/api.w.org\/{rel}","templated":true}]}}