{"id":2385,"date":"2026-04-26T07:03:07","date_gmt":"2026-04-26T04:03:07","guid":{"rendered":"https:\/\/www.kirsehirses.com\/?p=2385"},"modified":"2026-04-26T07:03:07","modified_gmt":"2026-04-26T04:03:07","slug":"kirsehirde-23-nisan-coskusu","status":"publish","type":"post","link":"https:\/\/www.kirsehirses.com\/index.php\/2026\/04\/26\/kirsehirde-23-nisan-coskusu\/","title":{"rendered":"K\u0131r\u015fehir\u2019de 23 Nisan Co\u015fkusu"},"content":{"rendered":"<p><strong>K\u0131r\u015fehir\u2019de 23 Nisan Co\u015fkusu<\/strong><\/p>\n<p>T\u00fcrkiye B\u00fcy\u00fck Millet Meclisi\u2019nin a\u00e7\u0131l\u0131\u015f\u0131n\u0131n 106. y\u0131l d\u00f6n\u00fcm\u00fc ve 23 Nisan Ulusal Egemenlik ve \u00c7ocuk Bayram\u0131, K\u0131r\u015fehir\u2019de d\u00fczenlenen resmi t\u00f6renler ve renkli etkinliklerle kutland\u0131.<\/p>\n<p>Sabah saat 09.00\u2019da ger\u00e7ekle\u015ftirilen geleneksel 3 el top at\u0131\u015f\u0131 ile ba\u015flayan program,<br \/>\nCacabey Meydan\u0131&#8217;nda \u0130l Milli E\u011fitim M\u00fcd\u00fcr\u00fc Yasin G\u00fcl\u015fen\u2019in Atat\u00fcrk An\u0131t\u0131\u2019na \u00e7elenk sunmas\u0131n\u0131n ard\u0131ndan, protokol \u00fcyeleri ve vatanda\u015flar\u0131n kat\u0131l\u0131m\u0131yla sayg\u0131 duru\u015funda bulunularak \u0130stiklal Mar\u015f\u0131 okundu.<\/p>\n<p>T\u00f6renin ard\u0131ndan kutlamalar Ne\u015fet Erta\u015f K\u00fclt\u00fcr Sanat Merkezi\u2019nde devam etti. Burada \u00f6\u011frenciler taraf\u0131ndan sergilenen halk oyunlar\u0131 g\u00f6sterileri, okunan kahramanl\u0131k \u015fiirleri ve m\u00fczik performanslar\u0131 kat\u0131l\u0131mc\u0131lara duygu dolu anlar ya\u015fatt\u0131. K\u0131r\u015fehir, ay-y\u0131ld\u0131zl\u0131 bayraklarla donat\u0131lan sokaklar\u0131nda 106 y\u0131ll\u0131k bu gururu \u00e7ocuklar\u0131n ne\u015fesiyle birle\u015ftirerek kutlamalar\u0131 tamamlad\u0131.<\/p>\n","protected":false},"excerpt":{"rendered":"<p>K\u0131r\u015fehir\u2019de 23 Nisan Co\u015fkusu T\u00fcrkiye B\u00fcy\u00fck Millet Meclisi\u2019nin a\u00e7\u0131l\u0131\u015f\u0131n\u0131n 106. y\u0131l d\u00f6n\u00fcm\u00fc ve 23 Nisan Ulusal Egemenlik ve \u00c7ocuk Bayram\u0131, K\u0131r\u015fehir\u2019de d\u00fczenlenen resmi t\u00f6renler ve renkli etkinliklerle kutland\u0131. Sabah saat 09.00\u2019da ger\u00e7ekle\u015ftirilen geleneksel 3 el top at\u0131\u015f\u0131 ile ba\u015flayan program, Cacabey Meydan\u0131&#8217;nda \u0130l Milli E\u011fitim M\u00fcd\u00fcr\u00fc Yasin G\u00fcl\u015fen\u2019in Atat\u00fcrk An\u0131t\u0131\u2019na \u00e7elenk sunmas\u0131n\u0131n ard\u0131ndan, protokol \u00fcyeleri [&hellip;]<\/p>\n","protected":false},"author":1,"featured_media":2386,"comment_status":"open","ping_status":"open","sticky":false,"template":"","format":"standard","meta":{"footnotes":""},"categories":[8],"tags":[],"class_list":["post-2385","post","type-post","status-publish","format-standard","has-post-thumbnail","hentry","category-kirsehir"],"_links":{"self":[{"href":"https:\/\/www.kirsehirses.com\/index.php\/wp-json\/wp\/v2\/posts\/2385","targetHints":{"allow":["GET"]}}],"collection":[{"href":"https:\/\/www.kirsehirses.com\/index.php\/wp-json\/wp\/v2\/posts"}],"about":[{"href":"https:\/\/www.kirsehirses.com\/index.php\/wp-json\/wp\/v2\/types\/post"}],"author":[{"embeddable":true,"href":"https:\/\/www.kirsehirses.com\/index.php\/wp-json\/wp\/v2\/users\/1"}],"replies":[{"embeddable":true,"href":"https:\/\/www.kirsehirses.com\/index.php\/wp-json\/wp\/v2\/comments?post=2385"}],"version-history":[{"count":1,"href":"https:\/\/www.kirsehirses.com\/index.php\/wp-json\/wp\/v2\/posts\/2385\/revisions"}],"predecessor-version":[{"id":2387,"href":"https:\/\/www.kirsehirses.com\/index.php\/wp-json\/wp\/v2\/posts\/2385\/revisions\/2387"}],"wp:featuredmedia":[{"embeddable":true,"href":"https:\/\/www.kirsehirses.com\/index.php\/wp-json\/wp\/v2\/media\/2386"}],"wp:attachment":[{"href":"https:\/\/www.kirsehirses.com\/index.php\/wp-json\/wp\/v2\/media?parent=2385"}],"wp:term":[{"taxonomy":"category","embeddable":true,"href":"https:\/\/www.kirsehirses.com\/index.php\/wp-json\/wp\/v2\/categories?post=2385"},{"taxonomy":"post_tag","embeddable":true,"href":"https:\/\/www.kirsehirses.com\/index.php\/wp-json\/wp\/v2\/tags?post=2385"}],"curies":[{"name":"wp","href":"https:\/\/api.w.org\/{rel}","templated":true}]}}