{"id":2388,"date":"2026-04-26T07:03:46","date_gmt":"2026-04-26T04:03:46","guid":{"rendered":"https:\/\/www.kirsehirses.com\/?p=2388"},"modified":"2026-04-26T07:04:59","modified_gmt":"2026-04-26T04:04:59","slug":"mucurda-araziye-ceset-bulundu","status":"publish","type":"post","link":"https:\/\/www.kirsehirses.com\/index.php\/2026\/04\/26\/mucurda-araziye-ceset-bulundu\/","title":{"rendered":"K\u0131r\u015fehir&#8217;de Korkun\u00e7 Olay: Mucur&#8217;da Bo\u015f Arazide Ceset Bulundu"},"content":{"rendered":"<p><strong>K\u0131r\u015fehir&#8217;de Korkun\u00e7 Olay: Mucur&#8217;da Bo\u015f Arazide Ceset Bulundu<\/strong><\/p>\n<p>MK\u0131r\u015fehir\u2019de iki k\u00f6y aras\u0131nda bulunan bo\u015f arazide topra\u011fa g\u00f6m\u00fcl\u00fc halde bir kad\u0131na ait ceset bulundu.<\/p>\n<p>Edinilen bilgilere g\u00f6re, B\u00fcy\u00fckburuna\u011f\u0131l ile Tatar Yenia\u011f\u0131l k\u00f6yleri aras\u0131ndaki arazide g\u00f6m\u00fcl\u00fc halde bir ceset oldu\u011fu ihbar\u0131 \u00fczerine b\u00f6lgeye jandarma ve 112 Acil Sa\u011fl\u0131k ekipleri sevk edildi. Nev\u015fehir ve K\u0131r\u015fehir\u2019den gelen ekiplerin olay yerinde yapt\u0131\u011f\u0131 ilk incelemede, cesedin bir kad\u0131na ait oldu\u011fu tespit edildi.<\/p>\n<p>Jandarma ekipleri b\u00f6lgede geni\u015f g\u00fcvenlik \u00f6nlemleri al\u0131rken, olay yerinde detayl\u0131 inceleme ve \u00e7evrede arama \u00e7al\u0131\u015fmalar\u0131 ba\u015flat\u0131ld\u0131. Kimli\u011fi hen\u00fcz belirlenemeyen kad\u0131n\u0131n cans\u0131z bedeni, incelemelerin ard\u0131ndan K\u0131r\u015fehir E\u011fitim ve Ara\u015ft\u0131rma Hastanesi morguna kald\u0131r\u0131ld\u0131.<\/p>\n<p>\u00d6n otopsinin ard\u0131ndan cenaze, kesin \u00f6l\u00fcm nedeninin belirlenmesi i\u00e7in Ankara Adli T\u0131p Kurumu\u2019na g\u00f6nderildi.<\/p>\n<p>Olayla ilgili K\u0131r\u015fehir Cumhuriyet Ba\u015fsavc\u0131l\u0131\u011f\u0131 taraf\u0131ndan geni\u015f \u00e7apl\u0131 soru\u015fturma ba\u015flat\u0131ld\u0131.<\/p>\n","protected":false},"excerpt":{"rendered":"<p>K\u0131r\u015fehir&#8217;de Korkun\u00e7 Olay: Mucur&#8217;da Bo\u015f Arazide Ceset Bulundu MK\u0131r\u015fehir\u2019de iki k\u00f6y aras\u0131nda bulunan bo\u015f arazide topra\u011fa g\u00f6m\u00fcl\u00fc halde bir kad\u0131na ait ceset bulundu. Edinilen bilgilere g\u00f6re, B\u00fcy\u00fckburuna\u011f\u0131l ile Tatar Yenia\u011f\u0131l k\u00f6yleri aras\u0131ndaki arazide g\u00f6m\u00fcl\u00fc halde bir ceset oldu\u011fu ihbar\u0131 \u00fczerine b\u00f6lgeye jandarma ve 112 Acil Sa\u011fl\u0131k ekipleri sevk edildi. Nev\u015fehir ve K\u0131r\u015fehir\u2019den gelen ekiplerin olay [&hellip;]<\/p>\n","protected":false},"author":1,"featured_media":2389,"comment_status":"open","ping_status":"open","sticky":false,"template":"","format":"standard","meta":{"footnotes":""},"categories":[8],"tags":[],"class_list":["post-2388","post","type-post","status-publish","format-standard","has-post-thumbnail","hentry","category-kirsehir"],"_links":{"self":[{"href":"https:\/\/www.kirsehirses.com\/index.php\/wp-json\/wp\/v2\/posts\/2388","targetHints":{"allow":["GET"]}}],"collection":[{"href":"https:\/\/www.kirsehirses.com\/index.php\/wp-json\/wp\/v2\/posts"}],"about":[{"href":"https:\/\/www.kirsehirses.com\/index.php\/wp-json\/wp\/v2\/types\/post"}],"author":[{"embeddable":true,"href":"https:\/\/www.kirsehirses.com\/index.php\/wp-json\/wp\/v2\/users\/1"}],"replies":[{"embeddable":true,"href":"https:\/\/www.kirsehirses.com\/index.php\/wp-json\/wp\/v2\/comments?post=2388"}],"version-history":[{"count":3,"href":"https:\/\/www.kirsehirses.com\/index.php\/wp-json\/wp\/v2\/posts\/2388\/revisions"}],"predecessor-version":[{"id":2392,"href":"https:\/\/www.kirsehirses.com\/index.php\/wp-json\/wp\/v2\/posts\/2388\/revisions\/2392"}],"wp:featuredmedia":[{"embeddable":true,"href":"https:\/\/www.kirsehirses.com\/index.php\/wp-json\/wp\/v2\/media\/2389"}],"wp:attachment":[{"href":"https:\/\/www.kirsehirses.com\/index.php\/wp-json\/wp\/v2\/media?parent=2388"}],"wp:term":[{"taxonomy":"category","embeddable":true,"href":"https:\/\/www.kirsehirses.com\/index.php\/wp-json\/wp\/v2\/categories?post=2388"},{"taxonomy":"post_tag","embeddable":true,"href":"https:\/\/www.kirsehirses.com\/index.php\/wp-json\/wp\/v2\/tags?post=2388"}],"curies":[{"name":"wp","href":"https:\/\/api.w.org\/{rel}","templated":true}]}}