{"id":2396,"date":"2026-04-26T07:07:20","date_gmt":"2026-04-26T04:07:20","guid":{"rendered":"https:\/\/www.kirsehirses.com\/?p=2396"},"modified":"2026-04-26T07:07:20","modified_gmt":"2026-04-26T04:07:20","slug":"prof-dr-erol-gungoru-rahmetle-aniyoruz","status":"publish","type":"post","link":"https:\/\/www.kirsehirses.com\/index.php\/2026\/04\/26\/prof-dr-erol-gungoru-rahmetle-aniyoruz\/","title":{"rendered":"Prof. Dr. Erol G\u00fcng\u00f6r\u2019\u00fc Rahmetle An\u0131yoruz"},"content":{"rendered":"<p><strong>Prof. Dr. Erol G\u00fcng\u00f6r\u2019\u00fc Rahmetle An\u0131yoruz<\/strong><\/p>\n<p>T\u00fcrk sosyolojisinin m\u00fcstesna ismi, 1938 K\u0131r\u015fehir do\u011fumlu, m\u00fctefekkir Prof. Dr. Erol G\u00fcng\u00f6r\u2019\u00fc vefat\u0131n\u0131n y\u0131l d\u00f6n\u00fcm\u00fcnde sayg\u0131yla y\u00e2d ediyoruz.<\/p>\n<p>24 Nisan 1983\u2019te hen\u00fcz 44 ya\u015f\u0131ndayken aram\u0131zdan ayr\u0131lan G\u00fcng\u00f6r, k\u0131sa \u00f6mr\u00fcne s\u0131\u011fd\u0131rd\u0131\u011f\u0131 devasa eserlerle milli d\u00fc\u015f\u00fcnce hayat\u0131m\u0131z\u0131n k\u00f6\u015fe ta\u015flar\u0131ndan biri oldu.<\/p>\n<p>M\u00fcmtaz Turhan\u2019\u0131n talebesi olarak yeti\u015fen ve sosyal psikoloji alan\u0131nda \u00e7\u0131\u011f\u0131r a\u00e7an G\u00fcng\u00f6r, T\u00fcrk k\u00fclt\u00fcr\u00fcn\u00fcn modernle\u015fme s\u00fcrecini ve yerli de\u011ferlerin \u00f6nemini bilimsel bir titizlikle savundu.<\/p>\n<p>1982 y\u0131l\u0131nda atand\u0131\u011f\u0131 Sel\u00e7uk \u00dcniversitesi Rekt\u00f6rl\u00fc\u011f\u00fc g\u00f6revinde, \u00fcniversitenin bilimsel vizyonuna k\u0131sa s\u00fcrede b\u00fcy\u00fck katk\u0131lar sundu.<br \/>\nK\u00fclt\u00fcr De\u011fi\u015fmesi ve Milliyet\u00e7ilik gibi eserleriyle bug\u00fcn dahi yolumuzu ayd\u0131nlatmaya devam ediyor.<\/p>\n<p>T\u00fcrk d\u00fc\u015f\u00fcnce hayat\u0131n\u0131n zirve isimlerinden Prof. Dr. Erol G\u00fcng\u00f6r\u2019\u00fcn ya\u015fam\u0131 ve ilmi miras\u0131, &#8220;Ulubeyler&#8221; serisi kapsam\u0131nda belgesel haline getirildi ve bu g\u00fcnlerde izleyiciyle bulu\u015fuyor.<\/p>\n<p>Alt\u0131n Beyinli Adam olarak bilinen de\u011ferli ilim insan\u0131m\u0131za Allah\u2019tan rahmet diliyoruz.<br \/>\nRuhu \u015fad olsun!<\/p>\n","protected":false},"excerpt":{"rendered":"<p>Prof. Dr. Erol G\u00fcng\u00f6r\u2019\u00fc Rahmetle An\u0131yoruz T\u00fcrk sosyolojisinin m\u00fcstesna ismi, 1938 K\u0131r\u015fehir do\u011fumlu, m\u00fctefekkir Prof. Dr. Erol G\u00fcng\u00f6r\u2019\u00fc vefat\u0131n\u0131n y\u0131l d\u00f6n\u00fcm\u00fcnde sayg\u0131yla y\u00e2d ediyoruz. 24 Nisan 1983\u2019te hen\u00fcz 44 ya\u015f\u0131ndayken aram\u0131zdan ayr\u0131lan G\u00fcng\u00f6r, k\u0131sa \u00f6mr\u00fcne s\u0131\u011fd\u0131rd\u0131\u011f\u0131 devasa eserlerle milli d\u00fc\u015f\u00fcnce hayat\u0131m\u0131z\u0131n k\u00f6\u015fe ta\u015flar\u0131ndan biri oldu. M\u00fcmtaz Turhan\u2019\u0131n talebesi olarak yeti\u015fen ve sosyal psikoloji alan\u0131nda \u00e7\u0131\u011f\u0131r [&hellip;]<\/p>\n","protected":false},"author":1,"featured_media":2397,"comment_status":"open","ping_status":"open","sticky":false,"template":"","format":"standard","meta":{"footnotes":""},"categories":[8],"tags":[],"class_list":["post-2396","post","type-post","status-publish","format-standard","has-post-thumbnail","hentry","category-kirsehir"],"_links":{"self":[{"href":"https:\/\/www.kirsehirses.com\/index.php\/wp-json\/wp\/v2\/posts\/2396","targetHints":{"allow":["GET"]}}],"collection":[{"href":"https:\/\/www.kirsehirses.com\/index.php\/wp-json\/wp\/v2\/posts"}],"about":[{"href":"https:\/\/www.kirsehirses.com\/index.php\/wp-json\/wp\/v2\/types\/post"}],"author":[{"embeddable":true,"href":"https:\/\/www.kirsehirses.com\/index.php\/wp-json\/wp\/v2\/users\/1"}],"replies":[{"embeddable":true,"href":"https:\/\/www.kirsehirses.com\/index.php\/wp-json\/wp\/v2\/comments?post=2396"}],"version-history":[{"count":1,"href":"https:\/\/www.kirsehirses.com\/index.php\/wp-json\/wp\/v2\/posts\/2396\/revisions"}],"predecessor-version":[{"id":2398,"href":"https:\/\/www.kirsehirses.com\/index.php\/wp-json\/wp\/v2\/posts\/2396\/revisions\/2398"}],"wp:featuredmedia":[{"embeddable":true,"href":"https:\/\/www.kirsehirses.com\/index.php\/wp-json\/wp\/v2\/media\/2397"}],"wp:attachment":[{"href":"https:\/\/www.kirsehirses.com\/index.php\/wp-json\/wp\/v2\/media?parent=2396"}],"wp:term":[{"taxonomy":"category","embeddable":true,"href":"https:\/\/www.kirsehirses.com\/index.php\/wp-json\/wp\/v2\/categories?post=2396"},{"taxonomy":"post_tag","embeddable":true,"href":"https:\/\/www.kirsehirses.com\/index.php\/wp-json\/wp\/v2\/tags?post=2396"}],"curies":[{"name":"wp","href":"https:\/\/api.w.org\/{rel}","templated":true}]}}