{"id":2399,"date":"2026-04-26T07:08:36","date_gmt":"2026-04-26T04:08:36","guid":{"rendered":"https:\/\/www.kirsehirses.com\/?p=2399"},"modified":"2026-04-26T07:08:36","modified_gmt":"2026-04-26T04:08:36","slug":"kamanda-sakura-ruzgari","status":"publish","type":"post","link":"https:\/\/www.kirsehirses.com\/index.php\/2026\/04\/26\/kamanda-sakura-ruzgari\/","title":{"rendered":"Kaman\u2019da Sakura R\u00fczgar\u0131"},"content":{"rendered":"<p><strong>Kaman\u2019da Sakura R\u00fczgar\u0131<\/strong><\/p>\n<p>K\u0131r\u015fehir\u2019in Kaman il\u00e7esinde bug\u00fcn T\u00fcrk ve Japon k\u00fclt\u00fcrlerinin e\u015fsiz bulu\u015fmas\u0131na sahne olan &#8220;Sakura Plastik Sanatlar Sergisi ve Sakura Festivali&#8221; ba\u015flad\u0131.<\/p>\n<p>Kaman Kaleh\u00f6y\u00fck Arkeoloji M\u00fczesi\u2019nde ger\u00e7ekle\u015ftirilen a\u00e7\u0131l\u0131\u015f t\u00f6renine Japonya B\u00fcy\u00fckel\u00e7isi Tamura Masami, K\u0131r\u015fehir Valisi Murat Sefa Demiry\u00fcrek, K\u0131r\u015fehir Milletvekili Necmettin Erkan, \u0130l Genel Meclis Ba\u015fkan\u0131 Kamil Av\u015faro\u011flu, Kaman Kaymakam\u0131 Engin Tok ve Kaman Belediye Ba\u015fkan\u0131 Emre Demirci kat\u0131ld\u0131.<\/p>\n<p>Etkinlik program\u0131 sabah 11:30\u2019da ger\u00e7ekle\u015ftirilen resmi a\u00e7\u0131l\u0131\u015f konu\u015fmalar\u0131yla start al\u0131rken, kat\u0131l\u0131mc\u0131lar Japon k\u00fclt\u00fcr\u00fcn\u00fcn derinliklerine yolculuk yapma f\u0131rsat\u0131 buldu.<\/p>\n<p>Saat 12:00\u2019de Atsuko Suetomi\u2019nin geleneksel Japon \u00e7alg\u0131s\u0131 ile verdi\u011fi Koto Konseri izleyicilerden b\u00fcy\u00fck alk\u0131\u015f toplad\u0131. Ard\u0131ndan Japon M\u00fczi\u011fi ve Sanatlar\u0131 Derne\u011fi\u2019nin haz\u0131rlad\u0131\u011f\u0131 &#8220;Sakura&#8221; konulu Plastik Sanatlar Sergisi ziyarete a\u00e7\u0131ld\u0131.<\/p>\n<p>M\u00fcze bah\u00e7esinde ve i\u00e7inde olu\u015fan festival atmosferi, b\u00f6lge halk\u0131 ve sanatseverler i\u00e7in tam bir k\u00fclt\u00fcr \u015f\u00f6lenine d\u00f6n\u00fc\u015ft\u00fc.<\/p>\n<p>\u00d6\u011fleden sonraki b\u00f6l\u00fcmde ise Hac\u0131 Bayram Veli \u00dcniversitesi Japon-Kore K\u00fclt\u00fcr\u00fcn\u00fc Ara\u015ft\u0131rma Toplulu\u011fu taraf\u0131ndan d\u00fczenlenen geni\u015f kapsaml\u0131 at\u00f6lyeler festivale dinamizm katt\u0131.<\/p>\n<p>Kat\u0131l\u0131mc\u0131lar g\u00fcn boyunca; origami ve kaligrafi at\u00f6lyelerinde el becerilerini geli\u015ftirme, kimono giyme deneyimi ya\u015fama ve haiku \u015fiir yaz\u0131m\u0131 ile Japon edebiyat\u0131na dokunma \u015fans\u0131 yakalad\u0131lar.<\/p>\n<p>Ayr\u0131ca masal anlatma, Japonca konu\u015fma, dilek a\u011fac\u0131 s\u00fcsleme, kilden seramik sakura yap\u0131m\u0131, T\u00fcrk ve Japon bayra\u011f\u0131 yap\u0131m\u0131, \u015fark\u0131 s\u00f6yleme ve sakuradan kitap ayrac\u0131 yapma at\u00f6lyeleriyle zenginle\u015fen program, saat 17:00&#8217;ye kadar yo\u011fun bir ilgiyle devam etti.<\/p>\n","protected":false},"excerpt":{"rendered":"<p>Kaman\u2019da Sakura R\u00fczgar\u0131 K\u0131r\u015fehir\u2019in Kaman il\u00e7esinde bug\u00fcn T\u00fcrk ve Japon k\u00fclt\u00fcrlerinin e\u015fsiz bulu\u015fmas\u0131na sahne olan &#8220;Sakura Plastik Sanatlar Sergisi ve Sakura Festivali&#8221; ba\u015flad\u0131. Kaman Kaleh\u00f6y\u00fck Arkeoloji M\u00fczesi\u2019nde ger\u00e7ekle\u015ftirilen a\u00e7\u0131l\u0131\u015f t\u00f6renine Japonya B\u00fcy\u00fckel\u00e7isi Tamura Masami, K\u0131r\u015fehir Valisi Murat Sefa Demiry\u00fcrek, K\u0131r\u015fehir Milletvekili Necmettin Erkan, \u0130l Genel Meclis Ba\u015fkan\u0131 Kamil Av\u015faro\u011flu, Kaman Kaymakam\u0131 Engin Tok ve Kaman [&hellip;]<\/p>\n","protected":false},"author":1,"featured_media":2400,"comment_status":"open","ping_status":"open","sticky":false,"template":"","format":"standard","meta":{"footnotes":""},"categories":[8],"tags":[],"class_list":["post-2399","post","type-post","status-publish","format-standard","has-post-thumbnail","hentry","category-kirsehir"],"_links":{"self":[{"href":"https:\/\/www.kirsehirses.com\/index.php\/wp-json\/wp\/v2\/posts\/2399","targetHints":{"allow":["GET"]}}],"collection":[{"href":"https:\/\/www.kirsehirses.com\/index.php\/wp-json\/wp\/v2\/posts"}],"about":[{"href":"https:\/\/www.kirsehirses.com\/index.php\/wp-json\/wp\/v2\/types\/post"}],"author":[{"embeddable":true,"href":"https:\/\/www.kirsehirses.com\/index.php\/wp-json\/wp\/v2\/users\/1"}],"replies":[{"embeddable":true,"href":"https:\/\/www.kirsehirses.com\/index.php\/wp-json\/wp\/v2\/comments?post=2399"}],"version-history":[{"count":1,"href":"https:\/\/www.kirsehirses.com\/index.php\/wp-json\/wp\/v2\/posts\/2399\/revisions"}],"predecessor-version":[{"id":2401,"href":"https:\/\/www.kirsehirses.com\/index.php\/wp-json\/wp\/v2\/posts\/2399\/revisions\/2401"}],"wp:featuredmedia":[{"embeddable":true,"href":"https:\/\/www.kirsehirses.com\/index.php\/wp-json\/wp\/v2\/media\/2400"}],"wp:attachment":[{"href":"https:\/\/www.kirsehirses.com\/index.php\/wp-json\/wp\/v2\/media?parent=2399"}],"wp:term":[{"taxonomy":"category","embeddable":true,"href":"https:\/\/www.kirsehirses.com\/index.php\/wp-json\/wp\/v2\/categories?post=2399"},{"taxonomy":"post_tag","embeddable":true,"href":"https:\/\/www.kirsehirses.com\/index.php\/wp-json\/wp\/v2\/tags?post=2399"}],"curies":[{"name":"wp","href":"https:\/\/api.w.org\/{rel}","templated":true}]}}