{"id":2402,"date":"2026-04-27T02:47:33","date_gmt":"2026-04-26T23:47:33","guid":{"rendered":"https:\/\/www.kirsehirses.com\/?p=2402"},"modified":"2026-04-27T02:47:33","modified_gmt":"2026-04-26T23:47:33","slug":"kirsehirde-hac-adaylari-dualarla-ugurlandi","status":"publish","type":"post","link":"https:\/\/www.kirsehirses.com\/index.php\/2026\/04\/27\/kirsehirde-hac-adaylari-dualarla-ugurlandi\/","title":{"rendered":"K\u0131r\u015fehir&#8217;de Hac Adaylar\u0131 Dualarla U\u011furland\u0131"},"content":{"rendered":"<p><strong>K\u0131r\u015fehir&#8217;de Hac Adaylar\u0131 Dualarla U\u011furland\u0131<\/strong><\/p>\n<p>K\u0131r\u015fehir\u2019de kutsal topraklara gidecek hac\u0131 adaylar\u0131 i\u00e7in \u0130l M\u00fcft\u00fcl\u00fc\u011f\u00fc taraf\u0131ndan u\u011furlama program\u0131 d\u00fczenlendi. 24 Nisan 2026 Cuma g\u00fcn\u00fc ak\u015fam namaz\u0131n\u0131n ard\u0131ndan ger\u00e7ekle\u015ftirilen programda, hac\u0131 adaylar\u0131 ve aileleri manevi bir atmosferde bir araya geldi.<\/p>\n<p>Program, Kur\u2019an-\u0131 Kerim tilavetiyle ba\u015flad\u0131. Ard\u0131ndan din g\u00f6revlileri taraf\u0131ndan ilahi ve kasideler seslendirilerek kat\u0131l\u0131mc\u0131lara duygusal anlar ya\u015fat\u0131ld\u0131.<\/p>\n<p>U\u011furlama program\u0131nda konu\u015fan \u0130l M\u00fcft\u00fc Vekili U\u011fur \u00d6nen, hac ibadetinin \u00f6nemine de\u011finerek adaylara tavsiyelerde bulundu. Hacc\u0131n sab\u0131r ve manevi haz\u0131rl\u0131k gerektiren bir ibadet oldu\u011funu vurgulayan \u00d6nen, kutsal topraklarda \u00fclke ve millet i\u00e7in de dua edilmesini istedi.<\/p>\n<p>Program, yap\u0131lan duan\u0131n ard\u0131ndan hac\u0131 adaylar\u0131n\u0131n aileleriyle vedala\u015fmas\u0131yla sona erdi. Kat\u0131l\u0131mc\u0131lar, g\u00f6zya\u015flar\u0131 ve dualar e\u015fli\u011finde hac\u0131 adaylar\u0131n\u0131 kutsal yolculuklar\u0131na u\u011furlad\u0131.<\/p>\n","protected":false},"excerpt":{"rendered":"<p>K\u0131r\u015fehir&#8217;de Hac Adaylar\u0131 Dualarla U\u011furland\u0131 K\u0131r\u015fehir\u2019de kutsal topraklara gidecek hac\u0131 adaylar\u0131 i\u00e7in \u0130l M\u00fcft\u00fcl\u00fc\u011f\u00fc taraf\u0131ndan u\u011furlama program\u0131 d\u00fczenlendi. 24 Nisan 2026 Cuma g\u00fcn\u00fc ak\u015fam namaz\u0131n\u0131n ard\u0131ndan ger\u00e7ekle\u015ftirilen programda, hac\u0131 adaylar\u0131 ve aileleri manevi bir atmosferde bir araya geldi. Program, Kur\u2019an-\u0131 Kerim tilavetiyle ba\u015flad\u0131. Ard\u0131ndan din g\u00f6revlileri taraf\u0131ndan ilahi ve kasideler seslendirilerek kat\u0131l\u0131mc\u0131lara duygusal anlar ya\u015fat\u0131ld\u0131. [&hellip;]<\/p>\n","protected":false},"author":1,"featured_media":2403,"comment_status":"open","ping_status":"open","sticky":false,"template":"","format":"standard","meta":{"footnotes":""},"categories":[8],"tags":[],"class_list":["post-2402","post","type-post","status-publish","format-standard","has-post-thumbnail","hentry","category-kirsehir"],"_links":{"self":[{"href":"https:\/\/www.kirsehirses.com\/index.php\/wp-json\/wp\/v2\/posts\/2402","targetHints":{"allow":["GET"]}}],"collection":[{"href":"https:\/\/www.kirsehirses.com\/index.php\/wp-json\/wp\/v2\/posts"}],"about":[{"href":"https:\/\/www.kirsehirses.com\/index.php\/wp-json\/wp\/v2\/types\/post"}],"author":[{"embeddable":true,"href":"https:\/\/www.kirsehirses.com\/index.php\/wp-json\/wp\/v2\/users\/1"}],"replies":[{"embeddable":true,"href":"https:\/\/www.kirsehirses.com\/index.php\/wp-json\/wp\/v2\/comments?post=2402"}],"version-history":[{"count":1,"href":"https:\/\/www.kirsehirses.com\/index.php\/wp-json\/wp\/v2\/posts\/2402\/revisions"}],"predecessor-version":[{"id":2404,"href":"https:\/\/www.kirsehirses.com\/index.php\/wp-json\/wp\/v2\/posts\/2402\/revisions\/2404"}],"wp:featuredmedia":[{"embeddable":true,"href":"https:\/\/www.kirsehirses.com\/index.php\/wp-json\/wp\/v2\/media\/2403"}],"wp:attachment":[{"href":"https:\/\/www.kirsehirses.com\/index.php\/wp-json\/wp\/v2\/media?parent=2402"}],"wp:term":[{"taxonomy":"category","embeddable":true,"href":"https:\/\/www.kirsehirses.com\/index.php\/wp-json\/wp\/v2\/categories?post=2402"},{"taxonomy":"post_tag","embeddable":true,"href":"https:\/\/www.kirsehirses.com\/index.php\/wp-json\/wp\/v2\/tags?post=2402"}],"curies":[{"name":"wp","href":"https:\/\/api.w.org\/{rel}","templated":true}]}}