{"id":2411,"date":"2026-04-28T01:37:50","date_gmt":"2026-04-27T22:37:50","guid":{"rendered":"https:\/\/www.kirsehirses.com\/?p=2411"},"modified":"2026-04-28T01:37:50","modified_gmt":"2026-04-27T22:37:50","slug":"yargi-camiasinda-yas","status":"publish","type":"post","link":"https:\/\/www.kirsehirses.com\/index.php\/2026\/04\/28\/yargi-camiasinda-yas\/","title":{"rendered":"Yarg\u0131 Camias\u0131nda Yas"},"content":{"rendered":"<p><strong>Yarg\u0131 Camias\u0131nda Yas<\/strong><\/p>\n<p>K\u0131r\u015fehir Adalet Komisyonu Ba\u015fkan\u0131 Hamza T\u00fcrker ile H\u00e2kim Berna Sa\u00e7an T\u00fcrker\u2019in iki bu\u00e7uk ya\u015f\u0131ndaki o\u011fullar\u0131 Mustafa Kemal T\u00fcrker, trajik bir kaza sonucu d\u00fcn hayat\u0131n\u0131 kaybetmi\u015fti.<\/p>\n<p>K\u00fc\u00e7\u00fck \u00e7ocu\u011fun yedi\u011fi \u00e7ile\u011fin nefes borusuna ka\u00e7t\u0131\u011f\u0131, yap\u0131lan t\u00fcm m\u00fcdahalelere ra\u011fmen kurtar\u0131lamad\u0131\u011f\u0131 \u00f6\u011frenildi.<\/p>\n<p>K\u00fc\u00e7\u00fck Mustafa Kemal i\u00e7in bug\u00fcn Ahi Evran Camii\u2019nde cenaze t\u00f6reni d\u00fczenlendi. T\u00f6rene; K\u0131r\u015fehir Valisi Murat Sefa Demiry\u00fcrek, Milletvekili Metin \u0130lhan, Belediye Ba\u015fkan\u0131 Selahattin Ekicio\u011flu ve Cumhuriyet Ba\u015fsavc\u0131s\u0131 O\u011fuz \u015e\u00fckr\u00fc Ener ba\u015fta olmak \u00fczere \u00e7ok say\u0131da protokol \u00fcyesi, adliye personeli ve vatanda\u015f kat\u0131ld\u0131.<\/p>\n<p>Cenaze namaz\u0131 s\u0131ras\u0131nda adli personel ve sevenleri aileyi yaln\u0131z b\u0131rakmazken, minik Mustafa Kemal\u2019in naa\u015f\u0131, defnedilmek \u00fczere memleketi Mersin\u2019e g\u00f6nderildi.<\/p>\n<p>K\u0131r\u015fehir Ses Haber olarak merhuma Allah\u2019tan rahmet, kederli ailesine ve yak\u0131nlar\u0131na sab\u0131rlar dileriz.<\/p>\n","protected":false},"excerpt":{"rendered":"<p>Yarg\u0131 Camias\u0131nda Yas K\u0131r\u015fehir Adalet Komisyonu Ba\u015fkan\u0131 Hamza T\u00fcrker ile H\u00e2kim Berna Sa\u00e7an T\u00fcrker\u2019in iki bu\u00e7uk ya\u015f\u0131ndaki o\u011fullar\u0131 Mustafa Kemal T\u00fcrker, trajik bir kaza sonucu d\u00fcn hayat\u0131n\u0131 kaybetmi\u015fti. K\u00fc\u00e7\u00fck \u00e7ocu\u011fun yedi\u011fi \u00e7ile\u011fin nefes borusuna ka\u00e7t\u0131\u011f\u0131, yap\u0131lan t\u00fcm m\u00fcdahalelere ra\u011fmen kurtar\u0131lamad\u0131\u011f\u0131 \u00f6\u011frenildi. K\u00fc\u00e7\u00fck Mustafa Kemal i\u00e7in bug\u00fcn Ahi Evran Camii\u2019nde cenaze t\u00f6reni d\u00fczenlendi. T\u00f6rene; K\u0131r\u015fehir Valisi [&hellip;]<\/p>\n","protected":false},"author":1,"featured_media":2412,"comment_status":"open","ping_status":"open","sticky":false,"template":"","format":"standard","meta":{"footnotes":""},"categories":[8],"tags":[],"class_list":["post-2411","post","type-post","status-publish","format-standard","has-post-thumbnail","hentry","category-kirsehir"],"_links":{"self":[{"href":"https:\/\/www.kirsehirses.com\/index.php\/wp-json\/wp\/v2\/posts\/2411","targetHints":{"allow":["GET"]}}],"collection":[{"href":"https:\/\/www.kirsehirses.com\/index.php\/wp-json\/wp\/v2\/posts"}],"about":[{"href":"https:\/\/www.kirsehirses.com\/index.php\/wp-json\/wp\/v2\/types\/post"}],"author":[{"embeddable":true,"href":"https:\/\/www.kirsehirses.com\/index.php\/wp-json\/wp\/v2\/users\/1"}],"replies":[{"embeddable":true,"href":"https:\/\/www.kirsehirses.com\/index.php\/wp-json\/wp\/v2\/comments?post=2411"}],"version-history":[{"count":1,"href":"https:\/\/www.kirsehirses.com\/index.php\/wp-json\/wp\/v2\/posts\/2411\/revisions"}],"predecessor-version":[{"id":2413,"href":"https:\/\/www.kirsehirses.com\/index.php\/wp-json\/wp\/v2\/posts\/2411\/revisions\/2413"}],"wp:featuredmedia":[{"embeddable":true,"href":"https:\/\/www.kirsehirses.com\/index.php\/wp-json\/wp\/v2\/media\/2412"}],"wp:attachment":[{"href":"https:\/\/www.kirsehirses.com\/index.php\/wp-json\/wp\/v2\/media?parent=2411"}],"wp:term":[{"taxonomy":"category","embeddable":true,"href":"https:\/\/www.kirsehirses.com\/index.php\/wp-json\/wp\/v2\/categories?post=2411"},{"taxonomy":"post_tag","embeddable":true,"href":"https:\/\/www.kirsehirses.com\/index.php\/wp-json\/wp\/v2\/tags?post=2411"}],"curies":[{"name":"wp","href":"https:\/\/api.w.org\/{rel}","templated":true}]}}