{"id":2417,"date":"2026-04-28T01:40:47","date_gmt":"2026-04-27T22:40:47","guid":{"rendered":"https:\/\/www.kirsehirses.com\/?p=2417"},"modified":"2026-04-28T01:40:47","modified_gmt":"2026-04-27T22:40:47","slug":"kirsehirden-turkiye-birinciligi-muzik-ortaokulu-buyuk-basariya-imza-atti","status":"publish","type":"post","link":"https:\/\/www.kirsehirses.com\/index.php\/2026\/04\/28\/kirsehirden-turkiye-birinciligi-muzik-ortaokulu-buyuk-basariya-imza-atti\/","title":{"rendered":"K\u0131r\u015fehir&#8217;den T\u00fcrkiye Birincili\u011fi: M\u00fczik Ortaokulu B\u00fcy\u00fck Ba\u015far\u0131ya \u0130mza Att\u0131"},"content":{"rendered":"<p><strong>K\u0131r\u015fehir&#8217;den T\u00fcrkiye Birincili\u011fi: M\u00fczik Ortaokulu B\u00fcy\u00fck Ba\u015far\u0131ya \u0130mza Att\u0131<\/strong><\/p>\n<p>K\u0131r\u015fehir\u2019de e\u011fitim veren Muharrem Erta\u015f M\u00fczik Ortaokulu, Mill\u00ee E\u011fitim Bakanl\u0131\u011f\u0131 taraf\u0131ndan d\u00fczenlenen Su Verimlili\u011fi Seferberli\u011fi Yar\u0131\u015fmas\u0131\u2019nda \u00f6nemli bir ba\u015far\u0131 elde etti.<\/p>\n<p>Ortaokul m\u00fczik kategorisinde yar\u0131\u015fan okul, T\u00fcrkiye birincisi olarak K\u0131r\u015fehir\u2019e gurur ya\u015fatt\u0131. 81 ilden 68 bin 616 eserin kat\u0131ld\u0131\u011f\u0131 yar\u0131\u015fmada, Bakanl\u0131\u011fa g\u00f6nderilen 1.215 eser aras\u0131ndan se\u00e7ilen 45 eser i\u00e7ine giren \u00e7al\u0131\u015fma, finalde birincili\u011fe lay\u0131k g\u00f6r\u00fcld\u00fc.<\/p>\n<p>Okulun \u00f6\u011frencileri taraf\u0131ndan haz\u0131rlan\u0131p aranje edilerek kaydedilen \u201cSorumluyuz Sulardan, Sorumluyuz Vatandan\u201d adl\u0131 eser, j\u00fcri taraf\u0131ndan en ba\u015far\u0131l\u0131 \u00e7al\u0131\u015fma olarak de\u011ferlendirildi.<\/p>\n<p>\u00d6d\u00fcl t\u00f6reni 27 Nisan 2026 tarihinde Talim ve Terbiye Kurulu Ba\u015fkanl\u0131\u011f\u0131 Konferans Salonu\u2019nda d\u00fczenlenirken, elde edilen ba\u015far\u0131 e\u011fitim camias\u0131nda takdirle kar\u015f\u0131land\u0131.<\/p>\n","protected":false},"excerpt":{"rendered":"<p>K\u0131r\u015fehir&#8217;den T\u00fcrkiye Birincili\u011fi: M\u00fczik Ortaokulu B\u00fcy\u00fck Ba\u015far\u0131ya \u0130mza Att\u0131 K\u0131r\u015fehir\u2019de e\u011fitim veren Muharrem Erta\u015f M\u00fczik Ortaokulu, Mill\u00ee E\u011fitim Bakanl\u0131\u011f\u0131 taraf\u0131ndan d\u00fczenlenen Su Verimlili\u011fi Seferberli\u011fi Yar\u0131\u015fmas\u0131\u2019nda \u00f6nemli bir ba\u015far\u0131 elde etti. Ortaokul m\u00fczik kategorisinde yar\u0131\u015fan okul, T\u00fcrkiye birincisi olarak K\u0131r\u015fehir\u2019e gurur ya\u015fatt\u0131. 81 ilden 68 bin 616 eserin kat\u0131ld\u0131\u011f\u0131 yar\u0131\u015fmada, Bakanl\u0131\u011fa g\u00f6nderilen 1.215 eser aras\u0131ndan se\u00e7ilen [&hellip;]<\/p>\n","protected":false},"author":1,"featured_media":2418,"comment_status":"open","ping_status":"open","sticky":false,"template":"","format":"standard","meta":{"footnotes":""},"categories":[8,7],"tags":[],"class_list":["post-2417","post","type-post","status-publish","format-standard","has-post-thumbnail","hentry","category-kirsehir","category-turkiye"],"_links":{"self":[{"href":"https:\/\/www.kirsehirses.com\/index.php\/wp-json\/wp\/v2\/posts\/2417","targetHints":{"allow":["GET"]}}],"collection":[{"href":"https:\/\/www.kirsehirses.com\/index.php\/wp-json\/wp\/v2\/posts"}],"about":[{"href":"https:\/\/www.kirsehirses.com\/index.php\/wp-json\/wp\/v2\/types\/post"}],"author":[{"embeddable":true,"href":"https:\/\/www.kirsehirses.com\/index.php\/wp-json\/wp\/v2\/users\/1"}],"replies":[{"embeddable":true,"href":"https:\/\/www.kirsehirses.com\/index.php\/wp-json\/wp\/v2\/comments?post=2417"}],"version-history":[{"count":1,"href":"https:\/\/www.kirsehirses.com\/index.php\/wp-json\/wp\/v2\/posts\/2417\/revisions"}],"predecessor-version":[{"id":2419,"href":"https:\/\/www.kirsehirses.com\/index.php\/wp-json\/wp\/v2\/posts\/2417\/revisions\/2419"}],"wp:featuredmedia":[{"embeddable":true,"href":"https:\/\/www.kirsehirses.com\/index.php\/wp-json\/wp\/v2\/media\/2418"}],"wp:attachment":[{"href":"https:\/\/www.kirsehirses.com\/index.php\/wp-json\/wp\/v2\/media?parent=2417"}],"wp:term":[{"taxonomy":"category","embeddable":true,"href":"https:\/\/www.kirsehirses.com\/index.php\/wp-json\/wp\/v2\/categories?post=2417"},{"taxonomy":"post_tag","embeddable":true,"href":"https:\/\/www.kirsehirses.com\/index.php\/wp-json\/wp\/v2\/tags?post=2417"}],"curies":[{"name":"wp","href":"https:\/\/api.w.org\/{rel}","templated":true}]}}