{"id":2420,"date":"2026-04-28T01:49:21","date_gmt":"2026-04-27T22:49:21","guid":{"rendered":"https:\/\/www.kirsehirses.com\/?p=2420"},"modified":"2026-04-28T01:49:21","modified_gmt":"2026-04-27T22:49:21","slug":"kop-kirsehir-ve-yesil-koy-projesi","status":"publish","type":"post","link":"https:\/\/www.kirsehirses.com\/index.php\/2026\/04\/28\/kop-kirsehir-ve-yesil-koy-projesi\/","title":{"rendered":"KOP, KIR\u015eEH\u0130R VE YE\u015e\u0130L K\u00d6Y PROJES\u0130"},"content":{"rendered":"<p><strong>KOP, KIR\u015eEH\u0130R VE YE\u015e\u0130L K\u00d6Y PROJES\u0130<\/strong><\/p>\n<p><span style=\"font-weight: 400;\">Ge\u00e7ti\u011fimiz hafta, K\u0131z\u0131l\u0131rmak \u00fczerinde bir gerdanl\u0131k konumunda olan tarihi Kesikk\u00f6pr\u00fc\u2019n\u00fcn hemen yan\u0131 ba\u015f\u0131ndaki Cacabey Kervansaray\u0131\u2019nda K\u0131r\u015fehir Valili\u011fi ile KOP \u0130daresi aras\u0131nda bir\u00a0 i\u015fbirli\u011fi protokol\u00fc imzaland\u0131.\u00a0<\/span><\/p>\n<p><span style=\"font-weight: 400;\">Ad\u0131 &#8220;Tar\u0131msal Nitelikli Simbiyotik Ye\u015fil K\u00f6y Projesi&#8221; olan bu i\u015fbirli\u011fi T\u00fcrkiye\u2019de bir ilk, bir \u00f6rnek proje olarak \u00f6ne \u00e7\u0131k\u0131yor. Projenin detaylar\u0131na ge\u00e7meden \u00f6nce k\u0131saca KOP \u0130daresi Ba\u015fkanl\u0131\u011f\u0131 ile ilgili bilgiler aktarmak istiyorum.<\/span><\/p>\n<p><span style=\"font-weight: 400;\">Konya Ovas\u0131 Projesi (KOP), bug\u00fcn pek \u00e7ok ki\u015fi i\u00e7in modern bir kalk\u0131nma hamlesi gibi g\u00f6r\u00fcnse de asl\u0131nda k\u00f6kleri topra\u011f\u0131n suya hasret kald\u0131\u011f\u0131 as\u0131rlar \u00f6ncesine Osmanl\u0131 Devleti d\u00f6neminde haz\u0131rlanan sulama projelerine kadar uzan\u0131r.<\/span><\/p>\n<p><span style=\"font-weight: 400;\">Konya Ovas\u0131 Projesi (KOP), bug\u00fcn sadece bir b\u00f6lgesel kalk\u0131nma plan\u0131 de\u011fil; k\u00f6kleri Osmanl\u0131\u2019n\u0131n vizyoner d\u00f6nemlerine uzanan devasa bir haf\u0131zad\u0131r. Konya Ovas\u0131\u2019n\u0131n makus talihini de\u011fi\u015ftirecek olan ilk b\u00fcy\u00fck ihale ve s\u00f6zle\u015fme, 10 Kas\u0131m 1907 tarihinde \u0130stanbul\u2019da Anadolu-Osmanl\u0131 Demiryolu \u015eirketi ile imzalanm\u0131\u015ft\u0131r. Bu tarihi s\u00f6zle\u015fme,\u00a0 -Yahudilerin bizlere K\u0131z\u0131l Sultan diye takdim etti\u011fi ve milli \u015fuurdan yoksun kesimin hemen sahiplendi\u011fi- Cennet mekan Sultan II. Abd\u00fclhamid Han taraf\u0131ndan 30 Nisan 1908 tarihinde tasdik edilerek resmiyet kazanm\u0131\u015ft\u0131r. 1908 y\u0131l\u0131nda in\u015fas\u0131na ba\u015flanan bu dev proje, d\u00f6nemin zorlu \u015fartlar\u0131na ra\u011fmen b\u00fcy\u00fck bir azimle s\u00fcrd\u00fcr\u00fclm\u00fc\u015f ve 1913-1914 y\u0131llar\u0131nda tamamlanarak hayata ge\u00e7irilmi\u015ftir.<\/span><\/p>\n<p><span style=\"font-weight: 400;\">The Journal of Academic Social Science Studies (Akademik Sosyal Bilimler Ara\u015ft\u0131rmalar\u0131 Dergisi. T\u00fcrk\u00e7e, \u0130ngilizce, Frans\u0131zca, Arap\u00e7a, Almanca ve Rus\u00e7a olmak \u00fczere alt\u0131 dilde yay\u0131n yapan uluslararas\u0131 hakemli dergi) kay\u0131tlar\u0131nda da \u00f6nemle vurguland\u0131\u011f\u0131 \u00fczere; Bey\u015fehir G\u00f6l\u00fc\u2019n\u00fcn bereketli sular\u0131n\u0131 bir isale kanal\u0131yla Konya Ovas\u0131\u2019n\u0131n susuz topraklar\u0131na ula\u015ft\u0131rmay\u0131 hedefleyen bu giri\u015fim, Osmanl\u0131\u2019n\u0131n ilk modern sulama projesi olma \u00f6zelli\u011fini ta\u015f\u0131maktad\u0131r. \u0130mparatorluktan Cumhuriyet\u2019e miras kalan bu k\u00f6kl\u00fc ad\u0131m, hem stratejik bir m\u00fchendislik ba\u015far\u0131s\u0131 hem de co\u011frafyan\u0131n kaderini de\u011fi\u015ftiren en somut kalk\u0131nma hamlelerinden biri olarak tarihe ge\u00e7mi\u015ftir.<\/span><\/p>\n<p><span style=\"font-weight: 400;\">Cumhuriyet\u2019in ilan\u0131yla birlikte Devlet Su \u0130\u015fleri (DS\u0130) yat\u0131r\u0131mlar\u0131yla desteklenen ve Konya Kapal\u0131 Havzas\u0131\u2019n\u0131 suyla bulu\u015fturan bu kadim giri\u015fim zamanla salt bir sulama projesi olmaktan \u00e7\u0131k\u0131p Orta Anadolu\u2019nun kaderini yeniden yazan kapsaml\u0131 bir kalk\u0131nma modeline evrilmi\u015ftir.<\/span><\/p>\n<p><span style=\"font-weight: 400;\">KOP\u2019un modern tarihindeki en somut d\u00f6n\u00fcm noktas\u0131, 8 Haziran 2011 tarihli 642 Say\u0131l\u0131 Kanun H\u00fckm\u00fcnde Kararname ile KOP B\u00f6lge Kalk\u0131nma \u0130daresi Ba\u015fkanl\u0131\u011f\u0131\u2019n\u0131n kurulmas\u0131d\u0131r. Bu ad\u0131m, KOP\u2019u m\u00fchendislik tabanl\u0131 bir altyap\u0131 projesi olmaktan \u00e7\u0131kar\u0131p devletin do\u011frudan y\u00f6netti\u011fi \u00e7ok sekt\u00f6rl\u00fc bir b\u00f6lgesel kalk\u0131nma program\u0131na d\u00f6n\u00fc\u015ft\u00fcrm\u00fc\u015ft\u00fcr. Kurulu\u015f amac\u0131 net olsa da sat\u0131r aralar\u0131 hayati bir ger\u00e7e\u011fi f\u0131s\u0131ldar: KOP, suyun giderek azald\u0131\u011f\u0131 bir co\u011frafyada ayakta kalma stratejisidir. S\u0131n\u0131rl\u0131 su kaynaklar\u0131n\u0131 verimli kullanmak, tar\u0131m\u0131 modernize etmek ve iller aras\u0131 geli\u015fmi\u015flik farklar\u0131n\u0131 azaltmak gibi hedefler; projeyi ekonomik oldu\u011fu kadar \u00e7evresel ve sosyolojik bir zorunluluk haline getirir.<\/span><\/p>\n<p><span style=\"font-weight: 400;\">Ba\u015flang\u0131\u00e7ta Konya, Karaman, Aksaray ve Ni\u011fde\u2019den olu\u015fan \u00e7ekirdek yap\u0131, zamanla b\u00f6lgesel kalk\u0131nman\u0131n sadece co\u011frafi havzayla de\u011fil, ekonomik ve sosyal ba\u011flarla da y\u00f6netilmesi gerekti\u011fini kan\u0131tlad\u0131. Bu anlay\u0131\u015fla 2016 y\u0131l\u0131, projenin &#8220;alt\u0131n y\u0131l\u0131&#8221; oldu:<\/span><\/p>\n<ul>\n<li><span style=\"font-weight: 400;\"> 14 Haziran 2016: Nev\u015fehir ve Yozgat\u2019\u0131n kat\u0131l\u0131m\u0131yla projenin etki alan\u0131 geni\u015fledi.<\/span><\/li>\n<li><span style=\"font-weight: 400;\"> 7 Eyl\u00fcl 2016: D\u00f6nemin K\u0131r\u015fehir Milletvekilleri Mikail Aslan ve Salih \u00c7etinkaya ile K\u0131r\u0131kkale Milletvekillerinin ortak giri\u015fimleriyle K\u0131r\u015fehir ve K\u0131r\u0131kkale de s\u00fcrece dahil edildi; b\u00f6ylece KOP, sekiz ili kapsayan dev bir kalk\u0131nma havzas\u0131na d\u00f6n\u00fc\u015ft\u00fc.<\/span><\/li>\n<\/ul>\n<p><span style=\"font-weight: 400;\">\u00d6zellikle 7 Eyl\u00fcl 2016 tarihi, K\u0131r\u015fehir i\u00e7in bir d\u00f6n\u00fcm noktas\u0131d\u0131r. Bu tarihten itibaren \u015fehrimiz; sadece co\u011frafi kom\u015fulu\u011fu ile de\u011fil, ekonomik ve stratejik olarak da Konya merkezli bu modelin ana payda\u015flar\u0131ndan biri haline gelmi\u015ftir. Bu kat\u0131l\u0131m; tar\u0131m, enerji ve k\u0131rsal kalk\u0131nma desteklerine eri\u015fimin \u00f6tesinde, K\u0131r\u015fehir\u2019in b\u00f6lgesel planlama s\u00fcre\u00e7lerinde s\u00f6z sahibi olmas\u0131n\u0131 sa\u011flam\u0131\u015ft\u0131r. B\u00f6ylelikle K\u0131r\u015fehir\u2019de kalk\u0131nma s\u00fcrecinde KOP imkanlar\u0131ndan faydalanmaya ba\u015flam\u0131\u015ft\u0131r.<\/span><\/p>\n<p><span style=\"font-weight: 400;\">Bug\u00fcn KOP; tar\u0131mdan sanayiye, enerjiden turizme kadar geni\u015f bir yelpazede yerel dinamikleri harekete ge\u00e7irmeyi ama\u00e7layan entegre bir modeldir. Ancak ba\u015far\u0131n\u0131n ger\u00e7ek \u00f6l\u00e7\u00fcs\u00fc, sadece yat\u0131r\u0131mlar\u0131n b\u00fcy\u00fckl\u00fc\u011f\u00fc de\u011fil, ba\u015fta su olmak \u00fczere kaynaklar\u0131n ne kadar do\u011fru y\u00f6netildi\u011fidir. Yeralt\u0131 sular\u0131n\u0131n azalmas\u0131 ve iklim krizi, KOP\u2019un hem en b\u00fcy\u00fck motivasyonu hem de en zorlu s\u0131nav\u0131d\u0131r.<\/span><\/p>\n<p><span style=\"font-weight: 400;\">KOP hakk\u0131nda k\u0131sa bir bilgi verdikten sonra k\u00f6\u015fe yaz\u0131m\u0131n giri\u015f b\u00f6l\u00fcm\u00fcnde de\u011findi\u011fim i\u015fbirli\u011fi protokol\u00fcne d\u00f6nmek istiyorum. K\u0131r\u015fehir\u2019in tarihi dokusuyla modern vizyonunun bulu\u015ftu\u011fu Kesikk\u00f6pr\u00fc, ge\u00e7ti\u011fimiz g\u00fcnlerde sadece bir imza t\u00f6renine de\u011fil, T\u00fcrkiye\u2019nin k\u0131rsal kalk\u0131nma hamlesine y\u00f6n verecek bir &#8220;gelecek tasar\u0131m\u0131&#8221;na ev sahipli\u011fi yapt\u0131. Sel\u00e7uklu miras\u0131 Cacabey\u2019in ruhunu ta\u015f\u0131yan Kesikk\u00f6pr\u00fc Kervansaray\u0131\u2019nda at\u0131lan imzalar, KOP B\u00f6lge Kalk\u0131nma \u0130daresi Ba\u015fkanl\u0131\u011f\u0131\u2019n\u0131n vizyoner dokunu\u015fuyla tar\u0131msal \u00fcretimde yepyeni bir sayfa a\u00e7\u0131yor.<\/span><\/p>\n<p><span style=\"font-weight: 400;\">\u0130mzalanan &#8220;Tar\u0131msal Nitelikli Simbiyotik Ye\u015fil K\u00f6y Projesi&#8221; klasik bir kalk\u0131nma projesinin \u00e7ok \u00f6tesinde anlamlar ta\u015f\u0131yor. K\u0131r\u015fehir Valisi Murat Sefa Demiry\u00fcrek, KOP B\u00f6lge Kalk\u0131nma \u0130daresi Ba\u015fkan\u0131 Dr. Murat Karakoyunlu\u2019nun imzas\u0131yla hayat bulan bu i\u015f birli\u011fi; do\u011fan\u0131n g\u00fcc\u00fcn\u00fc teknolojinin imk\u00e2nlar\u0131yla harmanl\u0131yor.<\/span><\/p>\n<p><span style=\"font-weight: 400;\">Projenin merkezinde, KOP\u2019un b\u00f6lge potansiyelini do\u011fru okuma kabiliyeti yat\u0131yor. Do\u011falgaz imk\u00e2n\u0131 bulunmayan ancak biyok\u00fctle ve g\u00fcne\u015f enerjisi a\u00e7\u0131s\u0131ndan zengin olan yerle\u015fim alanlar\u0131m\u0131zda, bu iki kayna\u011f\u0131 birle\u015ftiren &#8220;simbiyotik&#8221; bir model kuruluyor. Peki, bu model neleri de\u011fi\u015ftirecek?<\/span><\/p>\n<p><span style=\"font-weight: 400;\">Proje i\u00e7eri\u011fine ili\u015fkin yap\u0131lan sosyal medya payla\u015f\u0131mlar\u0131ndan \u00f6te geni\u015f bir bilgimiz olmasa da yapt\u0131\u011f\u0131m birka\u00e7 g\u00f6r\u00fc\u015fmede elde etti\u011fim bilgileri sizlerle payla\u015fmak istiyorum. Projenin getirisi ne olacak:<\/span><\/p>\n<ul>\n<li><span style=\"font-weight: 400;\"> D\u00fc\u015f\u00fck Enerji Maliyeti: Kurulacak sistemler sayesinde biyok\u00fctle ve g\u00fcne\u015f enerjisi bir arada kullan\u0131lacak. Bu durum, tar\u0131msal alanda kullan\u0131lacak ucuz enerji ile girdi maliyetleri alt\u0131nda ezilen \u00fcretici i\u00e7in b\u00fcy\u00fck bir nefes alan\u0131 anlam\u0131na geliyor.<\/span><\/li>\n<li><span style=\"font-weight: 400;\"> Entegre Verimlilik: K\u00f6ydeki evlerin \u0131s\u0131t\u0131lmas\u0131ndan seralara, hatta so\u011fuk hava depolar\u0131na kadar her a\u015famada verimlilik artacak.<\/span><\/li>\n<li><span style=\"font-weight: 400;\"> Sosyal D\u00f6n\u00fc\u015f\u00fcm: Sadece teknik bir yat\u0131r\u0131m de\u011fil; alternatif ekim alanlar\u0131 ve seralarla \u00e7ift\u00e7imizin refah\u0131 art\u0131r\u0131lacak, bu sayede b\u00f6lge gen\u00e7leri i\u00e7in yeni i\u015f kap\u0131lar\u0131 aralanarak tersine g\u00f6\u00e7 te\u015fvik edilecek.<\/span><\/li>\n<li><span style=\"font-weight: 400;\"> Turizm At\u0131l\u0131m\u0131: Projenin en heyecan verici ayaklar\u0131ndan biri de turizm. Sel\u00e7uklu miras\u0131 Kesikk\u00f6pr\u00fc ve Kervansaray\u0131\u2019n\u0131n ihyas\u0131 ile Yunus Emre T\u00fcrbesi\u2019ne uzanan hat, bu kalk\u0131nma hamlesiyle turizme kazand\u0131r\u0131lacak.<\/span><\/li>\n<\/ul>\n<p><span style=\"font-weight: 400;\">K\u0131r\u015fehir Ahi Evran \u00dcniversitesi Rekt\u00f6r\u00fc Prof. Dr. Mustafa Kas\u0131m Karahocagil ve Kalk\u0131nma Ajanslar\u0131 Genel M\u00fcd\u00fcr Yard\u0131mc\u0131s\u0131 Mustafa Caner Meydan gibi isimlerin t\u00f6rendeki varl\u0131\u011f\u0131, projenin akademik ve stratejik a\u011f\u0131rl\u0131\u011f\u0131n\u0131 da teyit ediyor. Yo\u011fun TBMM \u00e7al\u0131\u015fmalar\u0131 nedeniyle Milletvekili Necmettin Erkan \u0130mza T\u00f6renine kat\u0131lamasa da AK Parti \u0130l Ba\u015fkan\u0131 Seher \u00dcNSAL\u00a0 i\u015fbirli\u011fine \u015fahitlik edenler aras\u0131ndayd\u0131. KOP B\u00f6lge Kalk\u0131nma \u0130daresi\u2019nin ortaya koydu\u011fu bu &#8220;Ye\u015fil K\u00f6y&#8221; vizyonu, do\u011fay\u0131 tahrip etmeden mevcut at\u0131klar\u0131 enerjiye d\u00f6n\u00fc\u015ft\u00fcrerek \u00fcretmeyi temel al\u0131yor.<\/span><\/p>\n<p><span style=\"font-weight: 400;\">Sonu\u00e7 olarak; Osmanl\u0131\u2019dan Cumhuriyet\u2019e miras kalan bu su davas\u0131, bug\u00fcn sekiz ilin ortak kaderini temsil ediyor. T\u00fcrkiye\u2019de bir ilk olacak bu proje, k\u0131rsalda s\u00fcrd\u00fcr\u00fclebilir kalk\u0131nman\u0131n nas\u0131l olmas\u0131 gerekti\u011fini g\u00f6steren &#8220;ya\u015fayan bir laboratuvar&#8221; niteli\u011findedir. Kesikk\u00f6pr\u00fc\u2019de y\u00fckselen bu g\u00fcne\u015f, K\u0131r\u015fehir\u2019de \u00fcretimi daha ye\u015fil, daha g\u00fc\u00e7l\u00fc ve daha rekabet\u00e7i k\u0131lacakt\u0131r. Bu tarihi kervansarayda at\u0131lan imzalar, yar\u0131n\u0131n m\u00fcreffeh k\u0131rsal\u0131n\u0131n teminat\u0131d\u0131r. Eme\u011fi ge\u00e7en herkese \u015fehrimiz ve \u00fclkemiz ad\u0131na bir te\u015fekk\u00fcr bor\u00e7luyuz.<\/span><\/p>\n<p><strong>Osman DEM\u0130R<\/strong><\/p>\n","protected":false},"excerpt":{"rendered":"<p>KOP, KIR\u015eEH\u0130R VE YE\u015e\u0130L K\u00d6Y PROJES\u0130 Ge\u00e7ti\u011fimiz hafta, K\u0131z\u0131l\u0131rmak \u00fczerinde bir gerdanl\u0131k konumunda olan tarihi Kesikk\u00f6pr\u00fc\u2019n\u00fcn hemen yan\u0131 ba\u015f\u0131ndaki Cacabey Kervansaray\u0131\u2019nda K\u0131r\u015fehir Valili\u011fi ile KOP \u0130daresi aras\u0131nda bir\u00a0 i\u015fbirli\u011fi protokol\u00fc imzaland\u0131.\u00a0 Ad\u0131 &#8220;Tar\u0131msal Nitelikli Simbiyotik Ye\u015fil K\u00f6y Projesi&#8221; olan bu i\u015fbirli\u011fi T\u00fcrkiye\u2019de bir ilk, bir \u00f6rnek proje olarak \u00f6ne \u00e7\u0131k\u0131yor. Projenin detaylar\u0131na ge\u00e7meden \u00f6nce k\u0131saca [&hellip;]<\/p>\n","protected":false},"author":1,"featured_media":2421,"comment_status":"open","ping_status":"open","sticky":false,"template":"","format":"standard","meta":{"footnotes":""},"categories":[8],"tags":[],"class_list":["post-2420","post","type-post","status-publish","format-standard","has-post-thumbnail","hentry","category-kirsehir"],"_links":{"self":[{"href":"https:\/\/www.kirsehirses.com\/index.php\/wp-json\/wp\/v2\/posts\/2420","targetHints":{"allow":["GET"]}}],"collection":[{"href":"https:\/\/www.kirsehirses.com\/index.php\/wp-json\/wp\/v2\/posts"}],"about":[{"href":"https:\/\/www.kirsehirses.com\/index.php\/wp-json\/wp\/v2\/types\/post"}],"author":[{"embeddable":true,"href":"https:\/\/www.kirsehirses.com\/index.php\/wp-json\/wp\/v2\/users\/1"}],"replies":[{"embeddable":true,"href":"https:\/\/www.kirsehirses.com\/index.php\/wp-json\/wp\/v2\/comments?post=2420"}],"version-history":[{"count":1,"href":"https:\/\/www.kirsehirses.com\/index.php\/wp-json\/wp\/v2\/posts\/2420\/revisions"}],"predecessor-version":[{"id":2422,"href":"https:\/\/www.kirsehirses.com\/index.php\/wp-json\/wp\/v2\/posts\/2420\/revisions\/2422"}],"wp:featuredmedia":[{"embeddable":true,"href":"https:\/\/www.kirsehirses.com\/index.php\/wp-json\/wp\/v2\/media\/2421"}],"wp:attachment":[{"href":"https:\/\/www.kirsehirses.com\/index.php\/wp-json\/wp\/v2\/media?parent=2420"}],"wp:term":[{"taxonomy":"category","embeddable":true,"href":"https:\/\/www.kirsehirses.com\/index.php\/wp-json\/wp\/v2\/categories?post=2420"},{"taxonomy":"post_tag","embeddable":true,"href":"https:\/\/www.kirsehirses.com\/index.php\/wp-json\/wp\/v2\/tags?post=2420"}],"curies":[{"name":"wp","href":"https:\/\/api.w.org\/{rel}","templated":true}]}}