{"id":2423,"date":"2026-05-01T05:14:33","date_gmt":"2026-05-01T02:14:33","guid":{"rendered":"https:\/\/www.kirsehirses.com\/?p=2423"},"modified":"2026-05-01T05:14:33","modified_gmt":"2026-05-01T02:14:33","slug":"antalya-kirsehirliler-derneginden-kir-fede-ziyaret","status":"publish","type":"post","link":"https:\/\/www.kirsehirses.com\/index.php\/2026\/05\/01\/antalya-kirsehirliler-derneginden-kir-fede-ziyaret\/","title":{"rendered":"Antalya K\u0131r\u015fehirliler Derne\u011finden KIR-FED\u2019e Ziyaret"},"content":{"rendered":"<p><strong>Antalya K\u0131r\u015fehirliler Derne\u011finden KIR-FED\u2019e Ziyaret<\/strong><\/p>\n<p>Antalya K\u0131r\u015fehirliler Derne\u011fi yeni y\u00f6netimi, K\u0131r\u015fehirli Dernekler Federasyonu (KIR-FED) Genel Merkezi\u2019ni ziyaret etti.<\/p>\n<p>Merkezi Ankara\u2019da bulunan K\u0131r\u015fehirliler Federasyonuna ba\u011fl\u0131 olarak faaliyet g\u00f6steren Antalya K\u0131r\u015fehirliler K\u00fclt\u00fcr, Dayan\u0131\u015fma ve Yard\u0131mla\u015fma Derne\u011fi\u2019nin Genel Kurulunda yeni ba\u015fkan se\u00e7ilen Akdeniz \u00dcniversitesi Akademisyeni H\u00fcseyin Alt\u0131nta\u015f, g\u00f6revi devrald\u0131\u011f\u0131 Ahmet Ero\u011flu ve yeni y\u00f6netim kurulu \u00fcyeleri ile birlikte Genel Ba\u015fkan Hilmi G\u00f6k\u00e7\u0131nar\u2019\u0131 ziyaret etti.<\/p>\n<p>Ziyarete, KIR-FED Genel Ba\u015fkan\u0131 Hilmi G\u00f6k\u00e7\u0131nar, Ahmet Ero\u011flu\u2019na bug\u00fcne kadar verdi\u011fi hizmetlerden dolay\u0131 te\u015fekk\u00fcr ederken; yeni ba\u015fkan H\u00fcseyin Alt\u0131nta\u015f ve ekibine ba\u015far\u0131lar diledi.<\/p>\n<p>Bu anlaml\u0131 ziyaretin, federasyon \u00e7at\u0131s\u0131 alt\u0131ndaki ba\u011fl\u0131l\u0131k ve dayan\u0131\u015fma ruhunu bir kez daha peki\u015ftirdi\u011fi ifade edildi.<\/p>\n","protected":false},"excerpt":{"rendered":"<p>Antalya K\u0131r\u015fehirliler Derne\u011finden KIR-FED\u2019e Ziyaret Antalya K\u0131r\u015fehirliler Derne\u011fi yeni y\u00f6netimi, K\u0131r\u015fehirli Dernekler Federasyonu (KIR-FED) Genel Merkezi\u2019ni ziyaret etti. Merkezi Ankara\u2019da bulunan K\u0131r\u015fehirliler Federasyonuna ba\u011fl\u0131 olarak faaliyet g\u00f6steren Antalya K\u0131r\u015fehirliler K\u00fclt\u00fcr, Dayan\u0131\u015fma ve Yard\u0131mla\u015fma Derne\u011fi\u2019nin Genel Kurulunda yeni ba\u015fkan se\u00e7ilen Akdeniz \u00dcniversitesi Akademisyeni H\u00fcseyin Alt\u0131nta\u015f, g\u00f6revi devrald\u0131\u011f\u0131 Ahmet Ero\u011flu ve yeni y\u00f6netim kurulu \u00fcyeleri ile birlikte [&hellip;]<\/p>\n","protected":false},"author":1,"featured_media":2424,"comment_status":"open","ping_status":"open","sticky":false,"template":"","format":"standard","meta":{"footnotes":""},"categories":[8],"tags":[],"class_list":["post-2423","post","type-post","status-publish","format-standard","has-post-thumbnail","hentry","category-kirsehir"],"_links":{"self":[{"href":"https:\/\/www.kirsehirses.com\/index.php\/wp-json\/wp\/v2\/posts\/2423","targetHints":{"allow":["GET"]}}],"collection":[{"href":"https:\/\/www.kirsehirses.com\/index.php\/wp-json\/wp\/v2\/posts"}],"about":[{"href":"https:\/\/www.kirsehirses.com\/index.php\/wp-json\/wp\/v2\/types\/post"}],"author":[{"embeddable":true,"href":"https:\/\/www.kirsehirses.com\/index.php\/wp-json\/wp\/v2\/users\/1"}],"replies":[{"embeddable":true,"href":"https:\/\/www.kirsehirses.com\/index.php\/wp-json\/wp\/v2\/comments?post=2423"}],"version-history":[{"count":1,"href":"https:\/\/www.kirsehirses.com\/index.php\/wp-json\/wp\/v2\/posts\/2423\/revisions"}],"predecessor-version":[{"id":2425,"href":"https:\/\/www.kirsehirses.com\/index.php\/wp-json\/wp\/v2\/posts\/2423\/revisions\/2425"}],"wp:featuredmedia":[{"embeddable":true,"href":"https:\/\/www.kirsehirses.com\/index.php\/wp-json\/wp\/v2\/media\/2424"}],"wp:attachment":[{"href":"https:\/\/www.kirsehirses.com\/index.php\/wp-json\/wp\/v2\/media?parent=2423"}],"wp:term":[{"taxonomy":"category","embeddable":true,"href":"https:\/\/www.kirsehirses.com\/index.php\/wp-json\/wp\/v2\/categories?post=2423"},{"taxonomy":"post_tag","embeddable":true,"href":"https:\/\/www.kirsehirses.com\/index.php\/wp-json\/wp\/v2\/tags?post=2423"}],"curies":[{"name":"wp","href":"https:\/\/api.w.org\/{rel}","templated":true}]}}