{"id":2426,"date":"2026-05-01T05:15:46","date_gmt":"2026-05-01T02:15:46","guid":{"rendered":"https:\/\/www.kirsehirses.com\/?p=2426"},"modified":"2026-05-01T05:15:46","modified_gmt":"2026-05-01T02:15:46","slug":"kazalar-kader-degil-ihmalin-sonucudur","status":"publish","type":"post","link":"https:\/\/www.kirsehirses.com\/index.php\/2026\/05\/01\/kazalar-kader-degil-ihmalin-sonucudur\/","title":{"rendered":"Kazalar Kader De\u011fil, \u0130hmalin Sonucudur"},"content":{"rendered":"<p><strong>Kazalar Kader De\u011fil, \u0130hmalin Sonucudur<\/strong><\/p>\n<p>\u0130\u015f G\u00fcvenli\u011fi Uzman\u0131 G\u00fclistan Demir, 28 Nisan D\u00fcnya \u0130\u015f Sa\u011fl\u0131\u011f\u0131 ve G\u00fcvenli\u011fi G\u00fcn\u00fc dolay\u0131s\u0131yla yapt\u0131\u011f\u0131 a\u00e7\u0131klamada, i\u015f kazalar\u0131n\u0131n kader de\u011fil ihmal sonucu meydana geldi\u011fini vurgulad\u0131. \u0130\u015f g\u00fcvenli\u011finin yaln\u0131zca teknik de\u011fil, vicdani ve toplumsal bir sorumluluk oldu\u011funu belirtti.<\/p>\n<p>Kazalar\u0131n sadece istatistiklerden ibaret olmad\u0131\u011f\u0131n\u0131 ifade eden Demir, her birinin bir ailenin kayb\u0131 ve yar\u0131m kalan hayaller anlam\u0131na geldi\u011fini s\u00f6yledi.<\/p>\n<p>K\u0131r\u015fehir\u2019de i\u015f g\u00fcvenli\u011finin h\u00e2l\u00e2 maliyet kalemi olarak g\u00f6r\u00fclmesini ele\u015ftiren Demir, bunun bir gider de\u011fil, insan hayat\u0131n\u0131 koruyan en \u00f6nemli yat\u0131r\u0131m oldu\u011funu vurgulad\u0131. \u0130hmallerin telafisi m\u00fcmk\u00fcn olmayan sonu\u00e7lar do\u011furdu\u011funu dile getirdi.<\/p>\n<p>\u0130\u015f g\u00fcvenli\u011fi uzmanlar\u0131n\u0131n sadece mevzuat uygulamad\u0131\u011f\u0131n\u0131 belirten Demir, riskleri \u00f6nceden tespit eden ve i\u015f\u00e7i ile i\u015fveren aras\u0131nda k\u00f6pr\u00fc kuran profesyoneller olduklar\u0131n\u0131 ifade etti.<\/p>\n<p>28 Nisan\u2019\u0131n \u00f6nemine de\u011finen Demir, g\u00fcvenlik k\u00fclt\u00fcr\u00fcn\u00fcn i\u015fveren, \u00e7al\u0131\u015fan ve toplumun ortak sorumlulu\u011fuyla olu\u015faca\u011f\u0131n\u0131 belirterek, as\u0131l hedefin herkesin i\u015ften sa\u011f salim evine d\u00f6nmesi oldu\u011funu s\u00f6yledi.<\/p>\n","protected":false},"excerpt":{"rendered":"<p>Kazalar Kader De\u011fil, \u0130hmalin Sonucudur \u0130\u015f G\u00fcvenli\u011fi Uzman\u0131 G\u00fclistan Demir, 28 Nisan D\u00fcnya \u0130\u015f Sa\u011fl\u0131\u011f\u0131 ve G\u00fcvenli\u011fi G\u00fcn\u00fc dolay\u0131s\u0131yla yapt\u0131\u011f\u0131 a\u00e7\u0131klamada, i\u015f kazalar\u0131n\u0131n kader de\u011fil ihmal sonucu meydana geldi\u011fini vurgulad\u0131. \u0130\u015f g\u00fcvenli\u011finin yaln\u0131zca teknik de\u011fil, vicdani ve toplumsal bir sorumluluk oldu\u011funu belirtti. Kazalar\u0131n sadece istatistiklerden ibaret olmad\u0131\u011f\u0131n\u0131 ifade eden Demir, her birinin bir ailenin kayb\u0131 [&hellip;]<\/p>\n","protected":false},"author":1,"featured_media":2427,"comment_status":"open","ping_status":"open","sticky":false,"template":"","format":"standard","meta":{"footnotes":""},"categories":[5,8],"tags":[],"class_list":["post-2426","post","type-post","status-publish","format-standard","has-post-thumbnail","hentry","category-gundem","category-kirsehir"],"_links":{"self":[{"href":"https:\/\/www.kirsehirses.com\/index.php\/wp-json\/wp\/v2\/posts\/2426","targetHints":{"allow":["GET"]}}],"collection":[{"href":"https:\/\/www.kirsehirses.com\/index.php\/wp-json\/wp\/v2\/posts"}],"about":[{"href":"https:\/\/www.kirsehirses.com\/index.php\/wp-json\/wp\/v2\/types\/post"}],"author":[{"embeddable":true,"href":"https:\/\/www.kirsehirses.com\/index.php\/wp-json\/wp\/v2\/users\/1"}],"replies":[{"embeddable":true,"href":"https:\/\/www.kirsehirses.com\/index.php\/wp-json\/wp\/v2\/comments?post=2426"}],"version-history":[{"count":1,"href":"https:\/\/www.kirsehirses.com\/index.php\/wp-json\/wp\/v2\/posts\/2426\/revisions"}],"predecessor-version":[{"id":2428,"href":"https:\/\/www.kirsehirses.com\/index.php\/wp-json\/wp\/v2\/posts\/2426\/revisions\/2428"}],"wp:featuredmedia":[{"embeddable":true,"href":"https:\/\/www.kirsehirses.com\/index.php\/wp-json\/wp\/v2\/media\/2427"}],"wp:attachment":[{"href":"https:\/\/www.kirsehirses.com\/index.php\/wp-json\/wp\/v2\/media?parent=2426"}],"wp:term":[{"taxonomy":"category","embeddable":true,"href":"https:\/\/www.kirsehirses.com\/index.php\/wp-json\/wp\/v2\/categories?post=2426"},{"taxonomy":"post_tag","embeddable":true,"href":"https:\/\/www.kirsehirses.com\/index.php\/wp-json\/wp\/v2\/tags?post=2426"}],"curies":[{"name":"wp","href":"https:\/\/api.w.org\/{rel}","templated":true}]}}