{"id":2429,"date":"2026-05-01T05:17:33","date_gmt":"2026-05-01T02:17:33","guid":{"rendered":"https:\/\/www.kirsehirses.com\/?p=2429"},"modified":"2026-05-01T05:17:33","modified_gmt":"2026-05-01T02:17:33","slug":"ak-parti-il-baskani-unsal-kirsehirin-son-7-yili-kayip","status":"publish","type":"post","link":"https:\/\/www.kirsehirses.com\/index.php\/2026\/05\/01\/ak-parti-il-baskani-unsal-kirsehirin-son-7-yili-kayip\/","title":{"rendered":"AK Parti \u0130l Ba\u015fkan\u0131 \u00dcnsal: K\u0131r\u015fehir\u2019in Son 7 Y\u0131l\u0131 Kay\u0131p"},"content":{"rendered":"<p><strong>AK Parti \u0130l Ba\u015fkan\u0131 \u00dcnsal: K\u0131r\u015fehir\u2019in Son 7 Y\u0131l\u0131 Kay\u0131p<\/strong><\/p>\n<p>AK Parti K\u0131r\u015fehir \u0130l Ba\u015fkan\u0131 Seher \u00dcnsal, K\u0131r\u015fehir Belediyesi\u2019nin mevcut y\u00f6netimini hedef alan bir a\u00e7\u0131klama yaparak, \u015fehrin son 7 y\u0131l\u0131n\u0131n &#8220;kay\u0131p y\u0131llar&#8221; oldu\u011funu savundu.<\/p>\n<p>K\u0131r\u015fehir\u2019in 7 y\u0131ld\u0131r vaatlerle oyaland\u0131\u011f\u0131n\u0131 belirten \u00dcnsal, meydanlarda \u00e7ok say\u0131da s\u00f6z verilmesine ra\u011fmen icraat noktas\u0131nda somut bir eser ortaya konulamad\u0131\u011f\u0131n\u0131 ifade etti.<\/p>\n<p>AK Parti belediyecili\u011finin vizyon eseri olan Kentpark\u2019\u0131n bug\u00fcn h\u00e2l\u00e2 \u015fehrin kalbinde ya\u015fayan en \u00f6nemli hizmet oldu\u011funu hat\u0131rlatan Seher \u00dcnsal, kendi d\u00f6nemlerinde projelendirilen Do\u011fapark vizyonuna de\u011finerek, &#8220;Neden tek bir \u00e7ivi dahi \u00e7ak\u0131lmad\u0131? 7 y\u0131l ge\u00e7ti ama ortada ne bir proje var ne de somut bir ad\u0131m&#8221; dedi.<\/p>\n<p>Mevcut y\u00f6netimi \u015feffafl\u0131kla sorgulad\u0131klar\u0131n\u0131 belirten \u00dcnsal, bu s\u00fcre zarf\u0131nda K\u0131r\u015fehir\u2019e kazand\u0131r\u0131lm\u0131\u015f tek bir kal\u0131c\u0131 eserin dahi g\u00f6sterilemedi\u011fini vurgulad\u0131.<\/p>\n<p>Ortadaki tablonun g\u00fcn\u00fc kurtaran i\u015fler ve alg\u0131 \u00e7al\u0131\u015fmalar\u0131ndan ibaret oldu\u011funu s\u00f6yleyen \u00dcnsal, AK Parti\u2019nin eser ve hizmet odakl\u0131 belediyecili\u011fi ile &#8220;\u00e7\u00f6p, \u00e7amur, \u00e7ukur&#8221; olarak tan\u0131mlad\u0131\u011f\u0131 CHP belediyecili\u011fi aras\u0131nda net bir fark oldu\u011funu dile getirdi. Belediyenin yol \u00e7al\u0131\u015fmalar\u0131na at\u0131fta bulunarak sert bir uyar\u0131da bulunan \u0130l Ba\u015fkan\u0131, &#8220;Siz yollara sar\u0131 \u00e7izgi \u00e7ekmeye devam edin; bu aziz millet zaman\u0131 geldi\u011finde kendi k\u0131rm\u0131z\u0131 \u00e7izgisini \u00e7eker ve cevab\u0131n\u0131 sand\u0131kta verir&#8221; ifadelerini kulland\u0131.<\/p>\n<p>K\u0131r\u015fehir\u2019in laf de\u011fil, ger\u00e7ek hizmet istedi\u011fini belirten \u00dcnsal, \u015fehrin yeniden hizmetle bulu\u015faca\u011f\u0131n\u0131 ifade ederek; &#8220;K\u0131r\u015fehir i\u00e7in vakit hakikat vaktidir. Umudun, icraat\u0131n ve gelece\u011fin ad\u0131 AK Parti\u2019dir&#8221; diyerek a\u00e7\u0131klamas\u0131n\u0131 noktalad\u0131.<\/p>\n","protected":false},"excerpt":{"rendered":"<p>AK Parti \u0130l Ba\u015fkan\u0131 \u00dcnsal: K\u0131r\u015fehir\u2019in Son 7 Y\u0131l\u0131 Kay\u0131p AK Parti K\u0131r\u015fehir \u0130l Ba\u015fkan\u0131 Seher \u00dcnsal, K\u0131r\u015fehir Belediyesi\u2019nin mevcut y\u00f6netimini hedef alan bir a\u00e7\u0131klama yaparak, \u015fehrin son 7 y\u0131l\u0131n\u0131n &#8220;kay\u0131p y\u0131llar&#8221; oldu\u011funu savundu. K\u0131r\u015fehir\u2019in 7 y\u0131ld\u0131r vaatlerle oyaland\u0131\u011f\u0131n\u0131 belirten \u00dcnsal, meydanlarda \u00e7ok say\u0131da s\u00f6z verilmesine ra\u011fmen icraat noktas\u0131nda somut bir eser ortaya konulamad\u0131\u011f\u0131n\u0131 ifade [&hellip;]<\/p>\n","protected":false},"author":1,"featured_media":2430,"comment_status":"open","ping_status":"open","sticky":false,"template":"","format":"standard","meta":{"footnotes":""},"categories":[8,3],"tags":[],"class_list":["post-2429","post","type-post","status-publish","format-standard","has-post-thumbnail","hentry","category-kirsehir","category-siyaset"],"_links":{"self":[{"href":"https:\/\/www.kirsehirses.com\/index.php\/wp-json\/wp\/v2\/posts\/2429","targetHints":{"allow":["GET"]}}],"collection":[{"href":"https:\/\/www.kirsehirses.com\/index.php\/wp-json\/wp\/v2\/posts"}],"about":[{"href":"https:\/\/www.kirsehirses.com\/index.php\/wp-json\/wp\/v2\/types\/post"}],"author":[{"embeddable":true,"href":"https:\/\/www.kirsehirses.com\/index.php\/wp-json\/wp\/v2\/users\/1"}],"replies":[{"embeddable":true,"href":"https:\/\/www.kirsehirses.com\/index.php\/wp-json\/wp\/v2\/comments?post=2429"}],"version-history":[{"count":1,"href":"https:\/\/www.kirsehirses.com\/index.php\/wp-json\/wp\/v2\/posts\/2429\/revisions"}],"predecessor-version":[{"id":2431,"href":"https:\/\/www.kirsehirses.com\/index.php\/wp-json\/wp\/v2\/posts\/2429\/revisions\/2431"}],"wp:featuredmedia":[{"embeddable":true,"href":"https:\/\/www.kirsehirses.com\/index.php\/wp-json\/wp\/v2\/media\/2430"}],"wp:attachment":[{"href":"https:\/\/www.kirsehirses.com\/index.php\/wp-json\/wp\/v2\/media?parent=2429"}],"wp:term":[{"taxonomy":"category","embeddable":true,"href":"https:\/\/www.kirsehirses.com\/index.php\/wp-json\/wp\/v2\/categories?post=2429"},{"taxonomy":"post_tag","embeddable":true,"href":"https:\/\/www.kirsehirses.com\/index.php\/wp-json\/wp\/v2\/tags?post=2429"}],"curies":[{"name":"wp","href":"https:\/\/api.w.org\/{rel}","templated":true}]}}