{"id":2432,"date":"2026-05-01T05:19:09","date_gmt":"2026-05-01T02:19:09","guid":{"rendered":"https:\/\/www.kirsehirses.com\/?p=2432"},"modified":"2026-05-01T05:19:09","modified_gmt":"2026-05-01T02:19:09","slug":"ahi-evran-universitesi-almanyada-tanitimda","status":"publish","type":"post","link":"https:\/\/www.kirsehirses.com\/index.php\/2026\/05\/01\/ahi-evran-universitesi-almanyada-tanitimda\/","title":{"rendered":"Ahi Evran \u00dcniversitesi Almanya\u2019da Tan\u0131t\u0131mda"},"content":{"rendered":"<p><strong>Ahi Evran \u00dcniversitesi Almanya\u2019da Tan\u0131t\u0131mda<\/strong><\/p>\n<p>K\u0131r\u015fehir Ahi Evran \u00dcniversitesi, Essen Eyaleti T\u00fcrk Ba\u015fkonsoloslu\u011fu E\u011fitim Ata\u015feli\u011fi ile T\u00fcrkiye ve Uyum Ara\u015ft\u0131rma Merkezi i\u015f birli\u011finde d\u00fczenlenen T\u00fcrk \u00dcniversiteleri Tan\u0131t\u0131m G\u00fcnlerine kat\u0131lacak.<\/p>\n<p>9-10 May\u0131s 2026 tarihlerinde Almanya\u2019n\u0131n Dortmund \u015fehrinde ger\u00e7ekle\u015ftirilecek etkinlikte, \u00fcniversitemizle birlikte alt\u0131 T\u00fcrk \u00fcniversitesi daha yer alacak.<\/p>\n<p>Tan\u0131t\u0131m g\u00fcnlerinde yurt d\u0131\u015f\u0131nda ya\u015fayan gen\u00e7ler, T\u00fcrkiye\u2019deki \u00fcniversiteler hakk\u0131nda bilgi edinme imk\u00e2n\u0131 bulacak. Etkinlikte \u00fcniversitemizin akademik yap\u0131s\u0131, bilimsel faaliyetleri ile sosyal ve k\u00fclt\u00fcrel olanaklar\u0131 tan\u0131t\u0131lacak.<\/p>\n<p>\u00dcniversite y\u00f6netiminin de kat\u0131laca\u011f\u0131 organizasyonda, T\u00fcrkiye ile yurt d\u0131\u015f\u0131nda ya\u015fayan gen\u00e7ler aras\u0131nda e\u011fitim ba\u011f\u0131 kurulmas\u0131 hedefleniyor. Etkinli\u011fin, T\u00fcrk y\u00fcksek\u00f6\u011fretiminin uluslararas\u0131 g\u00f6r\u00fcn\u00fcrl\u00fc\u011f\u00fcne katk\u0131 sunmas\u0131 bekleniyor.<\/p>\n","protected":false},"excerpt":{"rendered":"<p>Ahi Evran \u00dcniversitesi Almanya\u2019da Tan\u0131t\u0131mda K\u0131r\u015fehir Ahi Evran \u00dcniversitesi, Essen Eyaleti T\u00fcrk Ba\u015fkonsoloslu\u011fu E\u011fitim Ata\u015feli\u011fi ile T\u00fcrkiye ve Uyum Ara\u015ft\u0131rma Merkezi i\u015f birli\u011finde d\u00fczenlenen T\u00fcrk \u00dcniversiteleri Tan\u0131t\u0131m G\u00fcnlerine kat\u0131lacak. 9-10 May\u0131s 2026 tarihlerinde Almanya\u2019n\u0131n Dortmund \u015fehrinde ger\u00e7ekle\u015ftirilecek etkinlikte, \u00fcniversitemizle birlikte alt\u0131 T\u00fcrk \u00fcniversitesi daha yer alacak. Tan\u0131t\u0131m g\u00fcnlerinde yurt d\u0131\u015f\u0131nda ya\u015fayan gen\u00e7ler, T\u00fcrkiye\u2019deki \u00fcniversiteler hakk\u0131nda [&hellip;]<\/p>\n","protected":false},"author":1,"featured_media":2433,"comment_status":"open","ping_status":"open","sticky":false,"template":"","format":"standard","meta":{"footnotes":""},"categories":[10,8],"tags":[],"class_list":["post-2432","post","type-post","status-publish","format-standard","has-post-thumbnail","hentry","category-egitim","category-kirsehir"],"_links":{"self":[{"href":"https:\/\/www.kirsehirses.com\/index.php\/wp-json\/wp\/v2\/posts\/2432","targetHints":{"allow":["GET"]}}],"collection":[{"href":"https:\/\/www.kirsehirses.com\/index.php\/wp-json\/wp\/v2\/posts"}],"about":[{"href":"https:\/\/www.kirsehirses.com\/index.php\/wp-json\/wp\/v2\/types\/post"}],"author":[{"embeddable":true,"href":"https:\/\/www.kirsehirses.com\/index.php\/wp-json\/wp\/v2\/users\/1"}],"replies":[{"embeddable":true,"href":"https:\/\/www.kirsehirses.com\/index.php\/wp-json\/wp\/v2\/comments?post=2432"}],"version-history":[{"count":1,"href":"https:\/\/www.kirsehirses.com\/index.php\/wp-json\/wp\/v2\/posts\/2432\/revisions"}],"predecessor-version":[{"id":2434,"href":"https:\/\/www.kirsehirses.com\/index.php\/wp-json\/wp\/v2\/posts\/2432\/revisions\/2434"}],"wp:featuredmedia":[{"embeddable":true,"href":"https:\/\/www.kirsehirses.com\/index.php\/wp-json\/wp\/v2\/media\/2433"}],"wp:attachment":[{"href":"https:\/\/www.kirsehirses.com\/index.php\/wp-json\/wp\/v2\/media?parent=2432"}],"wp:term":[{"taxonomy":"category","embeddable":true,"href":"https:\/\/www.kirsehirses.com\/index.php\/wp-json\/wp\/v2\/categories?post=2432"},{"taxonomy":"post_tag","embeddable":true,"href":"https:\/\/www.kirsehirses.com\/index.php\/wp-json\/wp\/v2\/tags?post=2432"}],"curies":[{"name":"wp","href":"https:\/\/api.w.org\/{rel}","templated":true}]}}