{"id":2435,"date":"2026-05-01T05:22:13","date_gmt":"2026-05-01T02:22:13","guid":{"rendered":"https:\/\/www.kirsehirses.com\/?p=2435"},"modified":"2026-05-01T05:22:13","modified_gmt":"2026-05-01T02:22:13","slug":"babasiyla-ayni-kaderi-paylasti-23-yasindaki-kadir-20-yil-onceki-aciyi-tekrar-yasatti","status":"publish","type":"post","link":"https:\/\/www.kirsehirses.com\/index.php\/2026\/05\/01\/babasiyla-ayni-kaderi-paylasti-23-yasindaki-kadir-20-yil-onceki-aciyi-tekrar-yasatti\/","title":{"rendered":"Babas\u0131yla Ayn\u0131 Kaderi Payla\u015ft\u0131: 23 Ya\u015f\u0131ndaki Kadir, 20 Y\u0131l \u00d6nceki Ac\u0131y\u0131 Tekrar Ya\u015fatt\u0131"},"content":{"rendered":"<p><strong>Babas\u0131yla Ayn\u0131 Kaderi Payla\u015ft\u0131: 23 Ya\u015f\u0131ndaki Kadir, 20 Y\u0131l \u00d6nceki Ac\u0131y\u0131 Tekrar Ya\u015fatt\u0131<\/strong><\/p>\n<p>K\u0131r\u015fehir\u2019in Mucur il\u00e7esine ba\u011fl\u0131 Kurug\u00f6l K\u00f6y\u00fc\u2019nde meydana gelen ve t\u00fcm il\u00e7eyi yasa bo\u011fan olayda, 23 ya\u015f\u0131ndaki Kadir Di\u015fsiz\u2019in vefat\u0131na dair kahredici detaylar ortaya \u00e7\u0131kt\u0131.<\/p>\n<p>Bir fabrikada \u00e7al\u0131\u015fan gen\u00e7 i\u015f\u00e7inin d\u00fcn ak\u015famki vardiyas\u0131na gitmemesi \u00fczerine mesai arkada\u015flar\u0131 endi\u015felenerek a\u011fabeyine haber verdi. Tek ba\u015f\u0131na ya\u015fayan karde\u015finin durumunu kontrol etmek i\u00e7in eve giden a\u011fabeyin, Kadir\u2019i hareketsiz halde bulmas\u0131yla ba\u015flayan s\u00fcre\u00e7te ac\u0131 ger\u00e7ek otopsi raporuyla kesinle\u015fti.<\/p>\n<p>Yap\u0131lan incelemelerde, talihsiz gencin sobadan s\u0131zan karbonmonoksit gaz\u0131ndan zehirlenerek hayat\u0131n\u0131 kaybetti\u011fi netlik kazand\u0131. Bu trajik vefat\u0131n ard\u0131nda yatan aile dram\u0131 ise y\u00fcrekleri bir kez daha da\u011flad\u0131. Kadir Di\u015fsiz\u2019in babas\u0131 \u0130smail Di\u015fsiz\u2019in de tam 20 y\u0131l \u00f6nce gece bek\u00e7ili\u011fi yapt\u0131\u011f\u0131 i\u015f yerinde, t\u0131pk\u0131 o\u011flu gibi sobadan s\u0131zan gazdan zehirlenerek ya\u015fam\u0131n\u0131 yitirdi\u011fi \u00f6\u011frenildi.<\/p>\n<p>Babas\u0131yla ayn\u0131 kaderi payla\u015fan gen\u00e7 Kadir\u2019in cenazesi, otopsi i\u015flemlerinin ard\u0131ndan Kurug\u00f6l K\u00f6y\u00fc\u2019ne getirildi. Merhumun cenazesi, k\u00f6y\u00fcnde \u00f6\u011fle namaz\u0131na m\u00fcteakip k\u0131l\u0131nan cenaze namaz\u0131n\u0131n ard\u0131ndan dualarla topra\u011fa verildi.<\/p>\n<p>K\u0131r\u015fehir Ses Haber ailesi olarak merhuma Allah\u2019tan rahmet, kederli ailesine ve yak\u0131nlar\u0131na sab\u0131r ve ba\u015fsa\u011fl\u0131\u011f\u0131 diliyoruz.<\/p>\n","protected":false},"excerpt":{"rendered":"<p>Babas\u0131yla Ayn\u0131 Kaderi Payla\u015ft\u0131: 23 Ya\u015f\u0131ndaki Kadir, 20 Y\u0131l \u00d6nceki Ac\u0131y\u0131 Tekrar Ya\u015fatt\u0131 K\u0131r\u015fehir\u2019in Mucur il\u00e7esine ba\u011fl\u0131 Kurug\u00f6l K\u00f6y\u00fc\u2019nde meydana gelen ve t\u00fcm il\u00e7eyi yasa bo\u011fan olayda, 23 ya\u015f\u0131ndaki Kadir Di\u015fsiz\u2019in vefat\u0131na dair kahredici detaylar ortaya \u00e7\u0131kt\u0131. Bir fabrikada \u00e7al\u0131\u015fan gen\u00e7 i\u015f\u00e7inin d\u00fcn ak\u015famki vardiyas\u0131na gitmemesi \u00fczerine mesai arkada\u015flar\u0131 endi\u015felenerek a\u011fabeyine haber verdi. Tek ba\u015f\u0131na [&hellip;]<\/p>\n","protected":false},"author":1,"featured_media":2436,"comment_status":"open","ping_status":"open","sticky":false,"template":"","format":"standard","meta":{"footnotes":""},"categories":[8],"tags":[],"class_list":["post-2435","post","type-post","status-publish","format-standard","has-post-thumbnail","hentry","category-kirsehir"],"_links":{"self":[{"href":"https:\/\/www.kirsehirses.com\/index.php\/wp-json\/wp\/v2\/posts\/2435","targetHints":{"allow":["GET"]}}],"collection":[{"href":"https:\/\/www.kirsehirses.com\/index.php\/wp-json\/wp\/v2\/posts"}],"about":[{"href":"https:\/\/www.kirsehirses.com\/index.php\/wp-json\/wp\/v2\/types\/post"}],"author":[{"embeddable":true,"href":"https:\/\/www.kirsehirses.com\/index.php\/wp-json\/wp\/v2\/users\/1"}],"replies":[{"embeddable":true,"href":"https:\/\/www.kirsehirses.com\/index.php\/wp-json\/wp\/v2\/comments?post=2435"}],"version-history":[{"count":1,"href":"https:\/\/www.kirsehirses.com\/index.php\/wp-json\/wp\/v2\/posts\/2435\/revisions"}],"predecessor-version":[{"id":2437,"href":"https:\/\/www.kirsehirses.com\/index.php\/wp-json\/wp\/v2\/posts\/2435\/revisions\/2437"}],"wp:featuredmedia":[{"embeddable":true,"href":"https:\/\/www.kirsehirses.com\/index.php\/wp-json\/wp\/v2\/media\/2436"}],"wp:attachment":[{"href":"https:\/\/www.kirsehirses.com\/index.php\/wp-json\/wp\/v2\/media?parent=2435"}],"wp:term":[{"taxonomy":"category","embeddable":true,"href":"https:\/\/www.kirsehirses.com\/index.php\/wp-json\/wp\/v2\/categories?post=2435"},{"taxonomy":"post_tag","embeddable":true,"href":"https:\/\/www.kirsehirses.com\/index.php\/wp-json\/wp\/v2\/tags?post=2435"}],"curies":[{"name":"wp","href":"https:\/\/api.w.org\/{rel}","templated":true}]}}