{"id":2438,"date":"2026-05-01T05:28:27","date_gmt":"2026-05-01T02:28:27","guid":{"rendered":"https:\/\/www.kirsehirses.com\/?p=2438"},"modified":"2026-05-01T05:28:27","modified_gmt":"2026-05-01T02:28:27","slug":"kirsehirspor-maclari-artik-tivibu-spor-ve-yaayda","status":"publish","type":"post","link":"https:\/\/www.kirsehirses.com\/index.php\/2026\/05\/01\/kirsehirspor-maclari-artik-tivibu-spor-ve-yaayda\/","title":{"rendered":"K\u0131r\u015fehirspor Ma\u00e7lar\u0131 Art\u0131k Tivibu Spor ve Yaay&#8217;da"},"content":{"rendered":"<p><strong>K\u0131r\u015fehirspor Ma\u00e7lar\u0131 Art\u0131k Tivibu Spor ve Yaay&#8217;da<\/strong><\/p>\n<p>K\u0131r\u015fehirspor\u2019un TFF 3. Lig\u2019deki m\u00fccadelesi, yap\u0131lan yeni yay\u0131n anla\u015fmas\u0131yla dijital ekranlara ta\u015f\u0131n\u0131yor.<\/p>\n<p>T\u00fcrkiye Futbol Federasyonu (TFF) ve T\u00fcrk Telekom aras\u0131nda imzalanan protokol ile Nesine 2. Lig ve Nesine 3. Lig ma\u00e7lar\u0131n\u0131n yay\u0131n haklar\u0131 Tivibu Spor ve sosyal medya platformu Yaay\u2019a devredildi. Bu kapsamda, \u015fehrimizi temsil eden K\u0131r\u015fehirspor\u2019un ma\u00e7lar\u0131 da futbolseverlerle bu platformlar \u00fczerinden bulu\u015facak.<\/p>\n<p>Riva Hasan Do\u011fan Mill\u00ee Tak\u0131mlar Kamp ve E\u011fitim Tesisleri\u2019nde d\u00fczenlenen imza t\u00f6renine TFF Ba\u015fkan\u0131 \u0130brahim Ethem Hac\u0131osmano\u011flu ve T\u00fcrk Telekom CEO\u2019su Ebubekir \u015eahin kat\u0131ld\u0131. Anla\u015fma, bu sezonun play-off kar\u015f\u0131la\u015fmalar\u0131ndan itibaren ba\u015flayarak gelecek sezonu da kapsayacak.<\/p>\n<p>Ayr\u0131ca yap\u0131lan s\u00f6zle\u015fme ile sadece alt ligler de\u011fil; Kad\u0131n A Mill\u00ee Tak\u0131m\u0131 ve \u00dcmit Mill\u00ee Tak\u0131m\u0131\u2019n\u0131n ma\u00e7 yay\u0131n haklar\u0131 da T\u00fcrk Telekom b\u00fcnyesine ge\u00e7mi\u015f oldu.<\/p>\n<p>K\u0131r\u015fehirspor taraftarlar\u0131, art\u0131k tak\u0131mlar\u0131n\u0131n m\u00fcsabakalar\u0131n\u0131 Tivibu Spor ve Yaay \u00fczerinden kesintisiz takip edebilecek.<\/p>\n","protected":false},"excerpt":{"rendered":"<p>K\u0131r\u015fehirspor Ma\u00e7lar\u0131 Art\u0131k Tivibu Spor ve Yaay&#8217;da K\u0131r\u015fehirspor\u2019un TFF 3. Lig\u2019deki m\u00fccadelesi, yap\u0131lan yeni yay\u0131n anla\u015fmas\u0131yla dijital ekranlara ta\u015f\u0131n\u0131yor. T\u00fcrkiye Futbol Federasyonu (TFF) ve T\u00fcrk Telekom aras\u0131nda imzalanan protokol ile Nesine 2. Lig ve Nesine 3. Lig ma\u00e7lar\u0131n\u0131n yay\u0131n haklar\u0131 Tivibu Spor ve sosyal medya platformu Yaay\u2019a devredildi. Bu kapsamda, \u015fehrimizi temsil eden K\u0131r\u015fehirspor\u2019un ma\u00e7lar\u0131 [&hellip;]<\/p>\n","protected":false},"author":1,"featured_media":2439,"comment_status":"open","ping_status":"open","sticky":false,"template":"","format":"standard","meta":{"footnotes":""},"categories":[8,4],"tags":[],"class_list":["post-2438","post","type-post","status-publish","format-standard","has-post-thumbnail","hentry","category-kirsehir","category-spor"],"_links":{"self":[{"href":"https:\/\/www.kirsehirses.com\/index.php\/wp-json\/wp\/v2\/posts\/2438","targetHints":{"allow":["GET"]}}],"collection":[{"href":"https:\/\/www.kirsehirses.com\/index.php\/wp-json\/wp\/v2\/posts"}],"about":[{"href":"https:\/\/www.kirsehirses.com\/index.php\/wp-json\/wp\/v2\/types\/post"}],"author":[{"embeddable":true,"href":"https:\/\/www.kirsehirses.com\/index.php\/wp-json\/wp\/v2\/users\/1"}],"replies":[{"embeddable":true,"href":"https:\/\/www.kirsehirses.com\/index.php\/wp-json\/wp\/v2\/comments?post=2438"}],"version-history":[{"count":1,"href":"https:\/\/www.kirsehirses.com\/index.php\/wp-json\/wp\/v2\/posts\/2438\/revisions"}],"predecessor-version":[{"id":2440,"href":"https:\/\/www.kirsehirses.com\/index.php\/wp-json\/wp\/v2\/posts\/2438\/revisions\/2440"}],"wp:featuredmedia":[{"embeddable":true,"href":"https:\/\/www.kirsehirses.com\/index.php\/wp-json\/wp\/v2\/media\/2439"}],"wp:attachment":[{"href":"https:\/\/www.kirsehirses.com\/index.php\/wp-json\/wp\/v2\/media?parent=2438"}],"wp:term":[{"taxonomy":"category","embeddable":true,"href":"https:\/\/www.kirsehirses.com\/index.php\/wp-json\/wp\/v2\/categories?post=2438"},{"taxonomy":"post_tag","embeddable":true,"href":"https:\/\/www.kirsehirses.com\/index.php\/wp-json\/wp\/v2\/tags?post=2438"}],"curies":[{"name":"wp","href":"https:\/\/api.w.org\/{rel}","templated":true}]}}