{"id":2441,"date":"2026-05-01T05:29:43","date_gmt":"2026-05-01T02:29:43","guid":{"rendered":"https:\/\/www.kirsehirses.com\/?p=2441"},"modified":"2026-05-01T05:29:43","modified_gmt":"2026-05-01T02:29:43","slug":"kaeu-ile-somali-arasinda-akademik-kopru","status":"publish","type":"post","link":"https:\/\/www.kirsehirses.com\/index.php\/2026\/05\/01\/kaeu-ile-somali-arasinda-akademik-kopru\/","title":{"rendered":"KAE\u00dc ile Somali Aras\u0131nda Akademik K\u00f6pr\u00fc"},"content":{"rendered":"<p><strong>KAE\u00dc ile Somali Aras\u0131nda Akademik K\u00f6pr\u00fc<\/strong><\/p>\n<p>K\u0131r\u015fehir Ahi Evran \u00dcniversitesi (KAE\u00dc), uluslararas\u0131 hedefleri do\u011frultusunda Somali Zamzam Bilim ve Teknoloji \u00dcniversitesi ile e\u011fitim ve bilimsel i\u015f birli\u011fi protokol\u00fc imzalad\u0131.<\/p>\n<p>\u0130\u015fbirli\u011fi projesine ait imzalar, Rekt\u00f6r Prof. Dr. Mustafa Kas\u0131m Karahocagil ve Rekt\u00f6r Mohamud Mohamed Hassan Harbi taraf\u0131ndan at\u0131ld\u0131.<\/p>\n<p>\u0130mzalanan protokol; \u00f6\u011fretim eleman\u0131 ve \u00f6\u011frenci de\u011fi\u015fimini, ortak ara\u015ft\u0131rma faaliyetlerini, tar\u0131m projelerini ve akademik yay\u0131nlar\u0131n payla\u015f\u0131m\u0131n\u0131 kaps\u0131yor. Ayr\u0131ca her iki \u00fcniversitenin seminer, e-\u00f6\u011frenme ve bilimsel toplant\u0131larda i\u015f birli\u011fi yapmas\u0131 planlan\u0131yor.<\/p>\n<p>Rekt\u00f6r Karahocagil, bu ortakl\u0131\u011f\u0131n KAE\u00dc\u2019n\u00fcn k\u00fcresel bir bilgi kurumu olma vizyonunu peki\u015ftirdi\u011fini belirterek hay\u0131rl\u0131 olmas\u0131 temennisinde bulundu.<\/p>\n","protected":false},"excerpt":{"rendered":"<p>KAE\u00dc ile Somali Aras\u0131nda Akademik K\u00f6pr\u00fc K\u0131r\u015fehir Ahi Evran \u00dcniversitesi (KAE\u00dc), uluslararas\u0131 hedefleri do\u011frultusunda Somali Zamzam Bilim ve Teknoloji \u00dcniversitesi ile e\u011fitim ve bilimsel i\u015f birli\u011fi protokol\u00fc imzalad\u0131. \u0130\u015fbirli\u011fi projesine ait imzalar, Rekt\u00f6r Prof. Dr. Mustafa Kas\u0131m Karahocagil ve Rekt\u00f6r Mohamud Mohamed Hassan Harbi taraf\u0131ndan at\u0131ld\u0131. \u0130mzalanan protokol; \u00f6\u011fretim eleman\u0131 ve \u00f6\u011frenci de\u011fi\u015fimini, ortak ara\u015ft\u0131rma [&hellip;]<\/p>\n","protected":false},"author":1,"featured_media":2442,"comment_status":"open","ping_status":"open","sticky":false,"template":"","format":"standard","meta":{"footnotes":""},"categories":[10],"tags":[],"class_list":["post-2441","post","type-post","status-publish","format-standard","has-post-thumbnail","hentry","category-egitim"],"_links":{"self":[{"href":"https:\/\/www.kirsehirses.com\/index.php\/wp-json\/wp\/v2\/posts\/2441","targetHints":{"allow":["GET"]}}],"collection":[{"href":"https:\/\/www.kirsehirses.com\/index.php\/wp-json\/wp\/v2\/posts"}],"about":[{"href":"https:\/\/www.kirsehirses.com\/index.php\/wp-json\/wp\/v2\/types\/post"}],"author":[{"embeddable":true,"href":"https:\/\/www.kirsehirses.com\/index.php\/wp-json\/wp\/v2\/users\/1"}],"replies":[{"embeddable":true,"href":"https:\/\/www.kirsehirses.com\/index.php\/wp-json\/wp\/v2\/comments?post=2441"}],"version-history":[{"count":1,"href":"https:\/\/www.kirsehirses.com\/index.php\/wp-json\/wp\/v2\/posts\/2441\/revisions"}],"predecessor-version":[{"id":2443,"href":"https:\/\/www.kirsehirses.com\/index.php\/wp-json\/wp\/v2\/posts\/2441\/revisions\/2443"}],"wp:featuredmedia":[{"embeddable":true,"href":"https:\/\/www.kirsehirses.com\/index.php\/wp-json\/wp\/v2\/media\/2442"}],"wp:attachment":[{"href":"https:\/\/www.kirsehirses.com\/index.php\/wp-json\/wp\/v2\/media?parent=2441"}],"wp:term":[{"taxonomy":"category","embeddable":true,"href":"https:\/\/www.kirsehirses.com\/index.php\/wp-json\/wp\/v2\/categories?post=2441"},{"taxonomy":"post_tag","embeddable":true,"href":"https:\/\/www.kirsehirses.com\/index.php\/wp-json\/wp\/v2\/tags?post=2441"}],"curies":[{"name":"wp","href":"https:\/\/api.w.org\/{rel}","templated":true}]}}