{"id":2444,"date":"2026-05-01T05:31:47","date_gmt":"2026-05-01T02:31:47","guid":{"rendered":"https:\/\/www.kirsehirses.com\/?p=2444"},"modified":"2026-05-01T05:31:47","modified_gmt":"2026-05-01T02:31:47","slug":"turkiye-birincisi-ogrencileri-valilikte-agirlandi","status":"publish","type":"post","link":"https:\/\/www.kirsehirses.com\/index.php\/2026\/05\/01\/turkiye-birincisi-ogrencileri-valilikte-agirlandi\/","title":{"rendered":"T\u00fcrkiye Birincisi \u00d6\u011frencileri Valilikte A\u011f\u0131rland\u0131"},"content":{"rendered":"<p><strong>T\u00fcrkiye Birincisi \u00d6\u011frencileri Valilikte A\u011f\u0131rland\u0131<\/strong><\/p>\n<p>Su Verimlili\u011fi Seferberli\u011fi Yar\u0131\u015fmas\u0131\u2019nda \u201cSorumluyuz Sulardan, Sorumluyuz Vatandan\u201d eseriyle T\u00fcrkiye birincisi olan Muharrem Erta\u015f M\u00fczik Ortaokulu \u00f6\u011fretmen ve \u00f6\u011frencileri, Valilikte misafir edildi.<\/p>\n<p>Ayn\u0131 zamanda A\u015fkabat\u2019ta d\u00fczenlenen 23 Nisan Ulusal Egemenlik ve \u00c7ocuk Bayram\u0131 etkinliklerine kat\u0131larak K\u0131r\u015fehir\u2019i temsil eden ekip, elde ettikleri ba\u015far\u0131yla takdir toplad\u0131.<\/p>\n<p>Ziyarette \u0130l Milli E\u011fitim M\u00fcd\u00fcr\u00fc, okul y\u00f6netimi, \u00f6\u011fretmenler ve \u00f6\u011frenciler tebrik edilirken, \u00f6\u011frencilerin ba\u015far\u0131s\u0131nda eme\u011fi bulunan velilere de te\u015fekk\u00fcr edildi.<\/p>\n","protected":false},"excerpt":{"rendered":"<p>T\u00fcrkiye Birincisi \u00d6\u011frencileri Valilikte A\u011f\u0131rland\u0131 Su Verimlili\u011fi Seferberli\u011fi Yar\u0131\u015fmas\u0131\u2019nda \u201cSorumluyuz Sulardan, Sorumluyuz Vatandan\u201d eseriyle T\u00fcrkiye birincisi olan Muharrem Erta\u015f M\u00fczik Ortaokulu \u00f6\u011fretmen ve \u00f6\u011frencileri, Valilikte misafir edildi. Ayn\u0131 zamanda A\u015fkabat\u2019ta d\u00fczenlenen 23 Nisan Ulusal Egemenlik ve \u00c7ocuk Bayram\u0131 etkinliklerine kat\u0131larak K\u0131r\u015fehir\u2019i temsil eden ekip, elde ettikleri ba\u015far\u0131yla takdir toplad\u0131. Ziyarette \u0130l Milli E\u011fitim M\u00fcd\u00fcr\u00fc, okul [&hellip;]<\/p>\n","protected":false},"author":1,"featured_media":2445,"comment_status":"open","ping_status":"open","sticky":false,"template":"","format":"standard","meta":{"footnotes":""},"categories":[10,5,8],"tags":[],"class_list":["post-2444","post","type-post","status-publish","format-standard","has-post-thumbnail","hentry","category-egitim","category-gundem","category-kirsehir"],"_links":{"self":[{"href":"https:\/\/www.kirsehirses.com\/index.php\/wp-json\/wp\/v2\/posts\/2444","targetHints":{"allow":["GET"]}}],"collection":[{"href":"https:\/\/www.kirsehirses.com\/index.php\/wp-json\/wp\/v2\/posts"}],"about":[{"href":"https:\/\/www.kirsehirses.com\/index.php\/wp-json\/wp\/v2\/types\/post"}],"author":[{"embeddable":true,"href":"https:\/\/www.kirsehirses.com\/index.php\/wp-json\/wp\/v2\/users\/1"}],"replies":[{"embeddable":true,"href":"https:\/\/www.kirsehirses.com\/index.php\/wp-json\/wp\/v2\/comments?post=2444"}],"version-history":[{"count":1,"href":"https:\/\/www.kirsehirses.com\/index.php\/wp-json\/wp\/v2\/posts\/2444\/revisions"}],"predecessor-version":[{"id":2446,"href":"https:\/\/www.kirsehirses.com\/index.php\/wp-json\/wp\/v2\/posts\/2444\/revisions\/2446"}],"wp:featuredmedia":[{"embeddable":true,"href":"https:\/\/www.kirsehirses.com\/index.php\/wp-json\/wp\/v2\/media\/2445"}],"wp:attachment":[{"href":"https:\/\/www.kirsehirses.com\/index.php\/wp-json\/wp\/v2\/media?parent=2444"}],"wp:term":[{"taxonomy":"category","embeddable":true,"href":"https:\/\/www.kirsehirses.com\/index.php\/wp-json\/wp\/v2\/categories?post=2444"},{"taxonomy":"post_tag","embeddable":true,"href":"https:\/\/www.kirsehirses.com\/index.php\/wp-json\/wp\/v2\/tags?post=2444"}],"curies":[{"name":"wp","href":"https:\/\/api.w.org\/{rel}","templated":true}]}}