{"id":2447,"date":"2026-05-01T05:34:11","date_gmt":"2026-05-01T02:34:11","guid":{"rendered":"https:\/\/www.kirsehirses.com\/?p=2447"},"modified":"2026-05-01T05:34:11","modified_gmt":"2026-05-01T02:34:11","slug":"kirsehirli-gencler-ecdat-huzurunda","status":"publish","type":"post","link":"https:\/\/www.kirsehirses.com\/index.php\/2026\/05\/01\/kirsehirli-gencler-ecdat-huzurunda\/","title":{"rendered":"K\u0131r\u015fehirli Gen\u00e7ler Ecdat Huzurunda"},"content":{"rendered":"<p><strong>K\u0131r\u015fehirli Gen\u00e7ler Ecdat Huzurunda<\/strong><\/p>\n<p>K\u0131r\u015fehir Gen\u00e7lik ve Spor \u0130l M\u00fcd\u00fcrl\u00fc\u011f\u00fc taraf\u0131ndan hayata ge\u00e7irilen &#8220;Bir Destand\u0131r \u00c7anakkale&#8221; projesi kapsam\u0131nda, K\u0131r\u015fehirli gen\u00e7ler ecdad\u0131m\u0131z\u0131n emaneti olan kutsal vatan topraklar\u0131n\u0131 ziyaret etti.<\/p>\n<p>Tarih bilinci ve milli \u015fuurla ger\u00e7ekle\u015ftirilen bu anlaml\u0131 yolculukta gen\u00e7ler, \u00c7anakkale ruhunu yerinde hissetme imkan\u0131 buldu.<br \/>\n\u00c7anakkale Sava\u015flar\u0131\u2019n\u0131n izlerini ta\u015f\u0131yan mekanlarda; fedak\u00e2rl\u0131\u011f\u0131n, cesaretin ve birlik ruhunun nas\u0131l dev bir destana d\u00f6n\u00fc\u015ft\u00fc\u011f\u00fcne tan\u0131kl\u0131k eden kat\u0131l\u0131mc\u0131lar, ge\u00e7mi\u015f ile gelecek aras\u0131nda g\u00fc\u00e7l\u00fc bir g\u00f6n\u00fcl k\u00f6pr\u00fcs\u00fc kurdu.<\/p>\n<p>\u015eehitlerimizin aziz hat\u0131ras\u0131n\u0131 yad ederek milli ve manevi de\u011ferleri yerinde soluyan gen\u00e7ler, bu tarihi miras\u0131n \u0131\u015f\u0131\u011f\u0131nda yar\u0131nlara \u00e7ok daha g\u00fc\u00e7l\u00fc ad\u0131mlarla y\u00fcr\u00fcd\u00fcklerini ifade ettiler.<\/p>\n","protected":false},"excerpt":{"rendered":"<p>K\u0131r\u015fehirli Gen\u00e7ler Ecdat Huzurunda K\u0131r\u015fehir Gen\u00e7lik ve Spor \u0130l M\u00fcd\u00fcrl\u00fc\u011f\u00fc taraf\u0131ndan hayata ge\u00e7irilen &#8220;Bir Destand\u0131r \u00c7anakkale&#8221; projesi kapsam\u0131nda, K\u0131r\u015fehirli gen\u00e7ler ecdad\u0131m\u0131z\u0131n emaneti olan kutsal vatan topraklar\u0131n\u0131 ziyaret etti. Tarih bilinci ve milli \u015fuurla ger\u00e7ekle\u015ftirilen bu anlaml\u0131 yolculukta gen\u00e7ler, \u00c7anakkale ruhunu yerinde hissetme imkan\u0131 buldu. \u00c7anakkale Sava\u015flar\u0131\u2019n\u0131n izlerini ta\u015f\u0131yan mekanlarda; fedak\u00e2rl\u0131\u011f\u0131n, cesaretin ve birlik ruhunun nas\u0131l [&hellip;]<\/p>\n","protected":false},"author":1,"featured_media":2448,"comment_status":"open","ping_status":"open","sticky":false,"template":"","format":"standard","meta":{"footnotes":""},"categories":[8],"tags":[],"class_list":["post-2447","post","type-post","status-publish","format-standard","has-post-thumbnail","hentry","category-kirsehir"],"_links":{"self":[{"href":"https:\/\/www.kirsehirses.com\/index.php\/wp-json\/wp\/v2\/posts\/2447","targetHints":{"allow":["GET"]}}],"collection":[{"href":"https:\/\/www.kirsehirses.com\/index.php\/wp-json\/wp\/v2\/posts"}],"about":[{"href":"https:\/\/www.kirsehirses.com\/index.php\/wp-json\/wp\/v2\/types\/post"}],"author":[{"embeddable":true,"href":"https:\/\/www.kirsehirses.com\/index.php\/wp-json\/wp\/v2\/users\/1"}],"replies":[{"embeddable":true,"href":"https:\/\/www.kirsehirses.com\/index.php\/wp-json\/wp\/v2\/comments?post=2447"}],"version-history":[{"count":1,"href":"https:\/\/www.kirsehirses.com\/index.php\/wp-json\/wp\/v2\/posts\/2447\/revisions"}],"predecessor-version":[{"id":2449,"href":"https:\/\/www.kirsehirses.com\/index.php\/wp-json\/wp\/v2\/posts\/2447\/revisions\/2449"}],"wp:featuredmedia":[{"embeddable":true,"href":"https:\/\/www.kirsehirses.com\/index.php\/wp-json\/wp\/v2\/media\/2448"}],"wp:attachment":[{"href":"https:\/\/www.kirsehirses.com\/index.php\/wp-json\/wp\/v2\/media?parent=2447"}],"wp:term":[{"taxonomy":"category","embeddable":true,"href":"https:\/\/www.kirsehirses.com\/index.php\/wp-json\/wp\/v2\/categories?post=2447"},{"taxonomy":"post_tag","embeddable":true,"href":"https:\/\/www.kirsehirses.com\/index.php\/wp-json\/wp\/v2\/tags?post=2447"}],"curies":[{"name":"wp","href":"https:\/\/api.w.org\/{rel}","templated":true}]}}