{"id":2450,"date":"2026-05-01T05:36:29","date_gmt":"2026-05-01T02:36:29","guid":{"rendered":"https:\/\/www.kirsehirses.com\/?p=2450"},"modified":"2026-05-01T05:36:29","modified_gmt":"2026-05-01T02:36:29","slug":"bakan-isikhan-acikladi-emekli-bayram-ikramiyesi-4-bin-tl","status":"publish","type":"post","link":"https:\/\/www.kirsehirses.com\/index.php\/2026\/05\/01\/bakan-isikhan-acikladi-emekli-bayram-ikramiyesi-4-bin-tl\/","title":{"rendered":"Bakan I\u015f\u0131khan A\u00e7\u0131klad\u0131: Emekli Bayram \u0130kramiyesi 4 Bin TL"},"content":{"rendered":"<p><strong>Bakan I\u015f\u0131khan A\u00e7\u0131klad\u0131: Emekli Bayram \u0130kramiyesi 4 Bin TL<\/strong><\/p>\n<p>\u00c7al\u0131\u015fma ve Sosyal G\u00fcvenlik Bakan\u0131 Vedat I\u015f\u0131khan, Kurban Bayram\u0131 \u00f6ncesi emeklilere verilecek ikramiye tutar\u0131n\u0131 a\u00e7\u0131klad\u0131. Yap\u0131lan a\u00e7\u0131klamaya g\u00f6re, ikramiyeler Ramazan Bayram\u0131\u2019nda oldu\u011fu gibi 4 bin lira olarak \u00f6denecek.<\/p>\n<p>B\u00f6ylece emekli bayram ikramiyesinde herhangi bir art\u0131\u015f yap\u0131lmazken, \u00f6nceki d\u00f6nemde belirlenen tutar korunmu\u015f oldu.<br \/>\n\u00d6demelerin, Kurban Bayram\u0131 \u00f6ncesinde hesaplara yat\u0131r\u0131lmas\u0131 bekleniyor. Bu kapsamda 2026 y\u0131l\u0131 i\u00e7in \u00f6demelerin 20-25 May\u0131s tarihleri aras\u0131nda, tahsis numaras\u0131na g\u00f6re yap\u0131laca\u011f\u0131 \u00f6ng\u00f6r\u00fcl\u00fcyor.<\/p>\n<p>Bayram ikramiyesinden; emekli, ya\u015fl\u0131l\u0131k, malull\u00fck ve \u00f6l\u00fcm ayl\u0131\u011f\u0131 alanlar\u0131n yan\u0131 s\u0131ra s\u00fcrekli i\u015f g\u00f6remezlik geliri bulunan vatanda\u015flar da yararlanacak. Ayr\u0131ca \u015fehit yak\u0131nlar\u0131, gaziler ve di\u011fer hak sahipleri de ikramiye kapsam\u0131na dahil edilecek.<\/p>\n","protected":false},"excerpt":{"rendered":"<p>Bakan I\u015f\u0131khan A\u00e7\u0131klad\u0131: Emekli Bayram \u0130kramiyesi 4 Bin TL \u00c7al\u0131\u015fma ve Sosyal G\u00fcvenlik Bakan\u0131 Vedat I\u015f\u0131khan, Kurban Bayram\u0131 \u00f6ncesi emeklilere verilecek ikramiye tutar\u0131n\u0131 a\u00e7\u0131klad\u0131. Yap\u0131lan a\u00e7\u0131klamaya g\u00f6re, ikramiyeler Ramazan Bayram\u0131\u2019nda oldu\u011fu gibi 4 bin lira olarak \u00f6denecek. B\u00f6ylece emekli bayram ikramiyesinde herhangi bir art\u0131\u015f yap\u0131lmazken, \u00f6nceki d\u00f6nemde belirlenen tutar korunmu\u015f oldu. \u00d6demelerin, Kurban Bayram\u0131 \u00f6ncesinde [&hellip;]<\/p>\n","protected":false},"author":1,"featured_media":2451,"comment_status":"open","ping_status":"open","sticky":false,"template":"","format":"standard","meta":{"footnotes":""},"categories":[2,5,7],"tags":[],"class_list":["post-2450","post","type-post","status-publish","format-standard","has-post-thumbnail","hentry","category-ekonomi","category-gundem","category-turkiye"],"_links":{"self":[{"href":"https:\/\/www.kirsehirses.com\/index.php\/wp-json\/wp\/v2\/posts\/2450","targetHints":{"allow":["GET"]}}],"collection":[{"href":"https:\/\/www.kirsehirses.com\/index.php\/wp-json\/wp\/v2\/posts"}],"about":[{"href":"https:\/\/www.kirsehirses.com\/index.php\/wp-json\/wp\/v2\/types\/post"}],"author":[{"embeddable":true,"href":"https:\/\/www.kirsehirses.com\/index.php\/wp-json\/wp\/v2\/users\/1"}],"replies":[{"embeddable":true,"href":"https:\/\/www.kirsehirses.com\/index.php\/wp-json\/wp\/v2\/comments?post=2450"}],"version-history":[{"count":1,"href":"https:\/\/www.kirsehirses.com\/index.php\/wp-json\/wp\/v2\/posts\/2450\/revisions"}],"predecessor-version":[{"id":2452,"href":"https:\/\/www.kirsehirses.com\/index.php\/wp-json\/wp\/v2\/posts\/2450\/revisions\/2452"}],"wp:featuredmedia":[{"embeddable":true,"href":"https:\/\/www.kirsehirses.com\/index.php\/wp-json\/wp\/v2\/media\/2451"}],"wp:attachment":[{"href":"https:\/\/www.kirsehirses.com\/index.php\/wp-json\/wp\/v2\/media?parent=2450"}],"wp:term":[{"taxonomy":"category","embeddable":true,"href":"https:\/\/www.kirsehirses.com\/index.php\/wp-json\/wp\/v2\/categories?post=2450"},{"taxonomy":"post_tag","embeddable":true,"href":"https:\/\/www.kirsehirses.com\/index.php\/wp-json\/wp\/v2\/tags?post=2450"}],"curies":[{"name":"wp","href":"https:\/\/api.w.org\/{rel}","templated":true}]}}