{"id":2453,"date":"2026-05-01T05:38:54","date_gmt":"2026-05-01T02:38:54","guid":{"rendered":"https:\/\/www.kirsehirses.com\/?p=2453"},"modified":"2026-05-01T05:38:54","modified_gmt":"2026-05-01T02:38:54","slug":"balkan-sogugu-geliyor-kirsehir-dahil-5-ilde-sicakliklari-dusecek","status":"publish","type":"post","link":"https:\/\/www.kirsehirses.com\/index.php\/2026\/05\/01\/balkan-sogugu-geliyor-kirsehir-dahil-5-ilde-sicakliklari-dusecek\/","title":{"rendered":"Balkan So\u011fu\u011fu Geliyor: K\u0131r\u015fehir Dahil 5 \u0130lde S\u0131cakl\u0131klar\u0131 D\u00fc\u015fecek"},"content":{"rendered":"<p><strong>Balkan So\u011fu\u011fu Geliyor: K\u0131r\u015fehir Dahil 5 \u0130lde S\u0131cakl\u0131klar\u0131 D\u00fc\u015fecek<\/strong><\/p>\n<p>Meteoroloji Genel M\u00fcd\u00fcrl\u00fc\u011f\u00fc 7. B\u00f6lge M\u00fcd\u00fcrl\u00fc\u011f\u00fc, K\u0131r\u015fehir ba\u015fta olmak \u00fczere Kayseri, Nev\u015fehir, Sivas ve Yozgat i\u00e7in so\u011fuk hava uyar\u0131s\u0131 yapt\u0131.<\/p>\n<p>1 May\u0131s\u2019tan itibaren Balkanlar \u00fczerinden gelecek serin ve ya\u011f\u0131\u015fl\u0131 hava dalgas\u0131yla birlikte s\u0131cakl\u0131klar\u0131n hissedilir derecede azalarak mevsim normallerinin alt\u0131na d\u00fc\u015fmesi bekleniyor. \u00d6zellikle y\u00fcksek kesimlerde karla kar\u0131\u015f\u0131k ya\u011fmur ve yer yer kar ya\u011f\u0131\u015f\u0131 g\u00f6r\u00fclebilece\u011fi bildirildi.<\/p>\n<p>Gece s\u0131cakl\u0131klar\u0131n\u0131n baz\u0131 b\u00f6lgelerde 0 dereceye kadar d\u00fc\u015fmesi nedeniyle zirai don riski olu\u015fabilece\u011fi belirtilirken, tar\u0131mla u\u011fra\u015fan vatanda\u015flar\u0131n tedbirli olmas\u0131 istendi.<\/p>\n<p>Yetkililer ayr\u0131ca sa\u011fanak ya\u011f\u0131\u015flara ba\u011fl\u0131 olarak sel, su bask\u0131n\u0131, buzlanma ve ula\u015f\u0131mda aksamalar gibi olumsuzluklara kar\u015f\u0131 dikkatli olunmas\u0131 gerekti\u011fini vurgulad\u0131. So\u011fuk havan\u0131n 6 May\u0131s\u2019a kadar etkisini s\u00fcrd\u00fcrmesi bekleniyor.<\/p>\n","protected":false},"excerpt":{"rendered":"<p>Balkan So\u011fu\u011fu Geliyor: K\u0131r\u015fehir Dahil 5 \u0130lde S\u0131cakl\u0131klar\u0131 D\u00fc\u015fecek Meteoroloji Genel M\u00fcd\u00fcrl\u00fc\u011f\u00fc 7. B\u00f6lge M\u00fcd\u00fcrl\u00fc\u011f\u00fc, K\u0131r\u015fehir ba\u015fta olmak \u00fczere Kayseri, Nev\u015fehir, Sivas ve Yozgat i\u00e7in so\u011fuk hava uyar\u0131s\u0131 yapt\u0131. 1 May\u0131s\u2019tan itibaren Balkanlar \u00fczerinden gelecek serin ve ya\u011f\u0131\u015fl\u0131 hava dalgas\u0131yla birlikte s\u0131cakl\u0131klar\u0131n hissedilir derecede azalarak mevsim normallerinin alt\u0131na d\u00fc\u015fmesi bekleniyor. \u00d6zellikle y\u00fcksek kesimlerde karla kar\u0131\u015f\u0131k [&hellip;]<\/p>\n","protected":false},"author":1,"featured_media":2454,"comment_status":"open","ping_status":"open","sticky":false,"template":"","format":"standard","meta":{"footnotes":""},"categories":[5,8],"tags":[],"class_list":["post-2453","post","type-post","status-publish","format-standard","has-post-thumbnail","hentry","category-gundem","category-kirsehir"],"_links":{"self":[{"href":"https:\/\/www.kirsehirses.com\/index.php\/wp-json\/wp\/v2\/posts\/2453","targetHints":{"allow":["GET"]}}],"collection":[{"href":"https:\/\/www.kirsehirses.com\/index.php\/wp-json\/wp\/v2\/posts"}],"about":[{"href":"https:\/\/www.kirsehirses.com\/index.php\/wp-json\/wp\/v2\/types\/post"}],"author":[{"embeddable":true,"href":"https:\/\/www.kirsehirses.com\/index.php\/wp-json\/wp\/v2\/users\/1"}],"replies":[{"embeddable":true,"href":"https:\/\/www.kirsehirses.com\/index.php\/wp-json\/wp\/v2\/comments?post=2453"}],"version-history":[{"count":1,"href":"https:\/\/www.kirsehirses.com\/index.php\/wp-json\/wp\/v2\/posts\/2453\/revisions"}],"predecessor-version":[{"id":2455,"href":"https:\/\/www.kirsehirses.com\/index.php\/wp-json\/wp\/v2\/posts\/2453\/revisions\/2455"}],"wp:featuredmedia":[{"embeddable":true,"href":"https:\/\/www.kirsehirses.com\/index.php\/wp-json\/wp\/v2\/media\/2454"}],"wp:attachment":[{"href":"https:\/\/www.kirsehirses.com\/index.php\/wp-json\/wp\/v2\/media?parent=2453"}],"wp:term":[{"taxonomy":"category","embeddable":true,"href":"https:\/\/www.kirsehirses.com\/index.php\/wp-json\/wp\/v2\/categories?post=2453"},{"taxonomy":"post_tag","embeddable":true,"href":"https:\/\/www.kirsehirses.com\/index.php\/wp-json\/wp\/v2\/tags?post=2453"}],"curies":[{"name":"wp","href":"https:\/\/api.w.org\/{rel}","templated":true}]}}