{"id":2459,"date":"2026-05-01T05:42:28","date_gmt":"2026-05-01T02:42:28","guid":{"rendered":"https:\/\/www.kirsehirses.com\/?p=2459"},"modified":"2026-05-01T05:42:28","modified_gmt":"2026-05-01T02:42:28","slug":"kaeude-20-yila-ozel-turk-sanat-muzigi-konseri","status":"publish","type":"post","link":"https:\/\/www.kirsehirses.com\/index.php\/2026\/05\/01\/kaeude-20-yila-ozel-turk-sanat-muzigi-konseri\/","title":{"rendered":"KAE\u00dc&#8217;de 20. Y\u0131la \u00d6zel T\u00fcrk Sanat M\u00fczi\u011fi Konseri"},"content":{"rendered":"<p><strong>KAE\u00dc&#8217;de 20. Y\u0131la \u00d6zel T\u00fcrk Sanat M\u00fczi\u011fi Konseri<\/strong><\/p>\n<p>K\u0131r\u015fehir Ahi Evran \u00dcniversitesi Ne\u015fet Erta\u015f G\u00fczel Sanatlar Fak\u00fcltesi, \u00fcniversitenin 20. kurulu\u015f y\u0131l d\u00f6n\u00fcm\u00fc kapsam\u0131nda T\u00fcrk Sanat M\u00fczi\u011fi konseri d\u00fczenledi.<\/p>\n<p>27 Nisan 2026 tarihinde Ne\u015fet Erta\u015f K\u00fclt\u00fcr Sanat Merkezi Muharrem Erta\u015f Salonu\u2019nda ger\u00e7ekle\u015ftirilen konsere K\u0131r\u015fehir Vali Yard\u0131mc\u0131s\u0131 \u0130smail \u00c7etinkaya, Rekt\u00f6r Yard\u0131mc\u0131s\u0131 Prof. Dr. H\u00fcseyin \u015eim\u015fek, Fak\u00fclte Dekan\u0131 Kubilay Koluk\u0131r\u0131k ile \u00e7ok say\u0131da davetli kat\u0131ld\u0131.<\/p>\n<p>Program, Dekan Koluk\u0131r\u0131k\u2019\u0131n a\u00e7\u0131l\u0131\u015f konu\u015fmas\u0131yla ba\u015flad\u0131. Ard\u0131ndan M\u00fczik B\u00f6l\u00fcm\u00fc Korosu, \u015eenol Afacan y\u00f6netiminde T\u00fcrk Sanat M\u00fczi\u011fi repertuvar\u0131ndan eserler seslendirdi. Muhayyer K\u00fcrdi, Hicaz ve Nihavend makamlar\u0131nda icra edilen eserler, dinleyicilerden be\u011feni toplad\u0131.<\/p>\n<p>Konser sonunda Koro \u015eefi \u015eenol Afacan\u2019a \u00e7i\u00e7ek ve te\u015fekk\u00fcr belgesi takdim edilirken, etkinlik toplu foto\u011fraf \u00e7ekimiyle sona erdi. Program, \u00fcniversitenin 20. y\u0131l etkinlikleri kapsam\u0131nda sanat\u0131n birle\u015ftirici g\u00fcc\u00fcn\u00fc yans\u0131tan \u00f6nemli bir organizasyon olarak de\u011ferlendirildi.<\/p>\n","protected":false},"excerpt":{"rendered":"<p>KAE\u00dc&#8217;de 20. Y\u0131la \u00d6zel T\u00fcrk Sanat M\u00fczi\u011fi Konseri K\u0131r\u015fehir Ahi Evran \u00dcniversitesi Ne\u015fet Erta\u015f G\u00fczel Sanatlar Fak\u00fcltesi, \u00fcniversitenin 20. kurulu\u015f y\u0131l d\u00f6n\u00fcm\u00fc kapsam\u0131nda T\u00fcrk Sanat M\u00fczi\u011fi konseri d\u00fczenledi. 27 Nisan 2026 tarihinde Ne\u015fet Erta\u015f K\u00fclt\u00fcr Sanat Merkezi Muharrem Erta\u015f Salonu\u2019nda ger\u00e7ekle\u015ftirilen konsere K\u0131r\u015fehir Vali Yard\u0131mc\u0131s\u0131 \u0130smail \u00c7etinkaya, Rekt\u00f6r Yard\u0131mc\u0131s\u0131 Prof. Dr. H\u00fcseyin \u015eim\u015fek, Fak\u00fclte Dekan\u0131 [&hellip;]<\/p>\n","protected":false},"author":1,"featured_media":2460,"comment_status":"open","ping_status":"open","sticky":false,"template":"","format":"standard","meta":{"footnotes":""},"categories":[10,8],"tags":[],"class_list":["post-2459","post","type-post","status-publish","format-standard","has-post-thumbnail","hentry","category-egitim","category-kirsehir"],"_links":{"self":[{"href":"https:\/\/www.kirsehirses.com\/index.php\/wp-json\/wp\/v2\/posts\/2459","targetHints":{"allow":["GET"]}}],"collection":[{"href":"https:\/\/www.kirsehirses.com\/index.php\/wp-json\/wp\/v2\/posts"}],"about":[{"href":"https:\/\/www.kirsehirses.com\/index.php\/wp-json\/wp\/v2\/types\/post"}],"author":[{"embeddable":true,"href":"https:\/\/www.kirsehirses.com\/index.php\/wp-json\/wp\/v2\/users\/1"}],"replies":[{"embeddable":true,"href":"https:\/\/www.kirsehirses.com\/index.php\/wp-json\/wp\/v2\/comments?post=2459"}],"version-history":[{"count":1,"href":"https:\/\/www.kirsehirses.com\/index.php\/wp-json\/wp\/v2\/posts\/2459\/revisions"}],"predecessor-version":[{"id":2461,"href":"https:\/\/www.kirsehirses.com\/index.php\/wp-json\/wp\/v2\/posts\/2459\/revisions\/2461"}],"wp:featuredmedia":[{"embeddable":true,"href":"https:\/\/www.kirsehirses.com\/index.php\/wp-json\/wp\/v2\/media\/2460"}],"wp:attachment":[{"href":"https:\/\/www.kirsehirses.com\/index.php\/wp-json\/wp\/v2\/media?parent=2459"}],"wp:term":[{"taxonomy":"category","embeddable":true,"href":"https:\/\/www.kirsehirses.com\/index.php\/wp-json\/wp\/v2\/categories?post=2459"},{"taxonomy":"post_tag","embeddable":true,"href":"https:\/\/www.kirsehirses.com\/index.php\/wp-json\/wp\/v2\/tags?post=2459"}],"curies":[{"name":"wp","href":"https:\/\/api.w.org\/{rel}","templated":true}]}}