{"id":2462,"date":"2026-05-01T05:43:49","date_gmt":"2026-05-01T02:43:49","guid":{"rendered":"https:\/\/www.kirsehirses.com\/?p=2462"},"modified":"2026-05-01T05:43:49","modified_gmt":"2026-05-01T02:43:49","slug":"okul-oncesi-ogretmenligi-kongresi-tamamlandi","status":"publish","type":"post","link":"https:\/\/www.kirsehirses.com\/index.php\/2026\/05\/01\/okul-oncesi-ogretmenligi-kongresi-tamamlandi\/","title":{"rendered":"Okul \u00d6ncesi \u00d6\u011fretmenli\u011fi Kongresi Tamamland\u0131"},"content":{"rendered":"<p><strong>Okul \u00d6ncesi \u00d6\u011fretmenli\u011fi Kongresi Tamamland\u0131<\/strong><\/p>\n<p>K\u0131r\u015fehir Ahi Evran \u00dcniversitesi ev sahipli\u011finde 27-29 Nisan 2026 tarihlerinde d\u00fczenlenen &#8220;19. Ulusal Okul \u00d6ncesi \u00d6\u011fretmenli\u011fi \u00d6\u011frenci Kongresi&#8221;, T\u00fcrkiye\u2019nin 24 ilinden 260\u2019\u0131n \u00fczerinde \u00f6\u011frenci ve 60 akademisyeni bir araya getirdi.<\/p>\n<p>Yo\u011fun bir kat\u0131l\u0131mla ger\u00e7ekle\u015fen organizasyonda; 4 panel, 17 at\u00f6lye \u00e7al\u0131\u015fmas\u0131 ve 147 bildiri sunumu yap\u0131larak erken \u00e7ocukluk e\u011fitiminde dijital d\u00f6n\u00fc\u015f\u00fcm, s\u00fcrd\u00fcr\u00fclebilirlik ve &#8220;T\u00fcrkiye Y\u00fczy\u0131l\u0131 Maarif Modeli&#8221; gibi kritik konular uzman isimlerce ele al\u0131nd\u0131.<\/p>\n<p>Kongreye Avustralya\u2019dan kat\u0131lan alan\u0131n duayen ismi Prof. Dr. Julie Davis\u2019in konferans\u0131 damga vururken, akademik oturumlar\u0131n yan\u0131 s\u0131ra K\u0131r\u015fehir\u2019in tarihi ve k\u00fclt\u00fcrel de\u011ferlerini tan\u0131tan kapsaml\u0131 geziler d\u00fczenlendi. Kat\u0131l\u0131mc\u0131lar Ahilik M\u00fczesi\u2019nden Japon Bah\u00e7esi\u2019ne kadar \u015fehrin simge noktalar\u0131n\u0131 ziyaret etme f\u0131rsat\u0131 buldu.<\/p>\n<p>E\u011fitim Fak\u00fcltesi Dekan\u0131 Prof. Dr. Ayfer \u015eahin, akademisyenlere ve payda\u015flara te\u015fekk\u00fcr ederek kongrenin ba\u015far\u0131yla tamamland\u0131\u011f\u0131n\u0131 belirtti.<\/p>\n","protected":false},"excerpt":{"rendered":"<p>Okul \u00d6ncesi \u00d6\u011fretmenli\u011fi Kongresi Tamamland\u0131 K\u0131r\u015fehir Ahi Evran \u00dcniversitesi ev sahipli\u011finde 27-29 Nisan 2026 tarihlerinde d\u00fczenlenen &#8220;19. Ulusal Okul \u00d6ncesi \u00d6\u011fretmenli\u011fi \u00d6\u011frenci Kongresi&#8221;, T\u00fcrkiye\u2019nin 24 ilinden 260\u2019\u0131n \u00fczerinde \u00f6\u011frenci ve 60 akademisyeni bir araya getirdi. Yo\u011fun bir kat\u0131l\u0131mla ger\u00e7ekle\u015fen organizasyonda; 4 panel, 17 at\u00f6lye \u00e7al\u0131\u015fmas\u0131 ve 147 bildiri sunumu yap\u0131larak erken \u00e7ocukluk e\u011fitiminde dijital d\u00f6n\u00fc\u015f\u00fcm, [&hellip;]<\/p>\n","protected":false},"author":1,"featured_media":2463,"comment_status":"open","ping_status":"open","sticky":false,"template":"","format":"standard","meta":{"footnotes":""},"categories":[10],"tags":[],"class_list":["post-2462","post","type-post","status-publish","format-standard","has-post-thumbnail","hentry","category-egitim"],"_links":{"self":[{"href":"https:\/\/www.kirsehirses.com\/index.php\/wp-json\/wp\/v2\/posts\/2462","targetHints":{"allow":["GET"]}}],"collection":[{"href":"https:\/\/www.kirsehirses.com\/index.php\/wp-json\/wp\/v2\/posts"}],"about":[{"href":"https:\/\/www.kirsehirses.com\/index.php\/wp-json\/wp\/v2\/types\/post"}],"author":[{"embeddable":true,"href":"https:\/\/www.kirsehirses.com\/index.php\/wp-json\/wp\/v2\/users\/1"}],"replies":[{"embeddable":true,"href":"https:\/\/www.kirsehirses.com\/index.php\/wp-json\/wp\/v2\/comments?post=2462"}],"version-history":[{"count":1,"href":"https:\/\/www.kirsehirses.com\/index.php\/wp-json\/wp\/v2\/posts\/2462\/revisions"}],"predecessor-version":[{"id":2464,"href":"https:\/\/www.kirsehirses.com\/index.php\/wp-json\/wp\/v2\/posts\/2462\/revisions\/2464"}],"wp:featuredmedia":[{"embeddable":true,"href":"https:\/\/www.kirsehirses.com\/index.php\/wp-json\/wp\/v2\/media\/2463"}],"wp:attachment":[{"href":"https:\/\/www.kirsehirses.com\/index.php\/wp-json\/wp\/v2\/media?parent=2462"}],"wp:term":[{"taxonomy":"category","embeddable":true,"href":"https:\/\/www.kirsehirses.com\/index.php\/wp-json\/wp\/v2\/categories?post=2462"},{"taxonomy":"post_tag","embeddable":true,"href":"https:\/\/www.kirsehirses.com\/index.php\/wp-json\/wp\/v2\/tags?post=2462"}],"curies":[{"name":"wp","href":"https:\/\/api.w.org\/{rel}","templated":true}]}}