{"id":2471,"date":"2026-05-02T05:41:47","date_gmt":"2026-05-02T02:41:47","guid":{"rendered":"https:\/\/www.kirsehirses.com\/?p=2471"},"modified":"2026-05-02T05:41:47","modified_gmt":"2026-05-02T02:41:47","slug":"chpden-ak-partiye-yanit-kirsehirde-yesil-alan-iki-katina-cikti","status":"publish","type":"post","link":"https:\/\/www.kirsehirses.com\/index.php\/2026\/05\/02\/chpden-ak-partiye-yanit-kirsehirde-yesil-alan-iki-katina-cikti\/","title":{"rendered":"CHP\u2019den AK Parti\u2019ye Yan\u0131t: K\u0131r\u015fehir&#8217;de Ye\u015fil Alan \u0130ki Kat\u0131na \u00c7\u0131kt\u0131"},"content":{"rendered":"<p><strong>CHP\u2019den AK Parti\u2019ye Yan\u0131t: K\u0131r\u015fehir&#8217;de Ye\u015fil Alan \u0130ki Kat\u0131na \u00c7\u0131kt\u0131<\/strong><\/p>\n<p>AK Parti K\u0131r\u015fehir \u0130l Ba\u015fkan\u0131 Seher \u00dcnsal\u2019\u0131n belediye y\u00f6netimini hedef alan ele\u015ftirilerine, CHP Merkez \u0130l\u00e7e Ba\u015fkan\u0131 G\u00fcrkan Ya\u011fmur cevap verdi.<\/p>\n<p>CHP\u2019li G\u00fcrkan Ya\u011fmur, AK Parti\u2019nin &#8220;K\u0131r\u015fehir 7 y\u0131ld\u0131r oyalan\u0131yor&#8221; iddias\u0131n\u0131n ger\u00e7e\u011fi yans\u0131tmad\u0131\u011f\u0131n\u0131 savundu. \u00dcnsal\u2019\u0131n ele\u015ftiri konusu yapt\u0131\u011f\u0131 dere \u0131slah\u0131 \u00e7al\u0131\u015fmalar\u0131n\u0131n belediye de\u011fil, Devlet Su \u0130\u015fleri (DS\u0130) sorumlulu\u011funda oldu\u011funu hat\u0131rlatan Ya\u011fmur, Do\u011fa Park Revizyonu\u2019nun DS\u0130 \u00e7al\u0131\u015fmalar\u0131 biter bitmez 2026 sonunda ba\u015flayaca\u011f\u0131n\u0131 duyurdu.<\/p>\n<p>A\u00e7\u0131klamada, 2019 y\u0131l\u0131ndan bu yana ki\u015fi ba\u015f\u0131 ye\u015fil alan\u0131n 3,71 metrekareden 6,41 metrekareye, park alanlar\u0131n\u0131n ise 300 bin metrekareden 600 bin metrekareye \u00e7\u0131kar\u0131ld\u0131\u011f\u0131 belirtildi. Toplamda 1 milyon 400 bin metrekare ye\u015fil alan olu\u015fturuldu\u011fu bilgisi payla\u015f\u0131ld\u0131.<\/p>\n<p>Belediyenin ilk d\u00f6nemde vaat etti\u011fi 70 projenin 55\u2019inin tamamland\u0131\u011f\u0131n\u0131 belirten Ya\u011fmur; Atat\u00fcrk Park\u0131, K\u0131rK\u00f6y Kamp\u00fcs Alan\u0131 ve kendi elektri\u011fini \u00fcreten G\u00fcne\u015f Enerji Santrali gibi vizyon projelerin alt\u0131n\u0131 \u00e7izdi. &#8220;Alg\u0131 de\u011fil icraat \u00fcretiyoruz&#8221; diyen Ya\u011fmur, son karar\u0131 vatanda\u015f\u0131n sand\u0131kta verece\u011fini vurgulad\u0131.<\/p>\n","protected":false},"excerpt":{"rendered":"<p>CHP\u2019den AK Parti\u2019ye Yan\u0131t: K\u0131r\u015fehir&#8217;de Ye\u015fil Alan \u0130ki Kat\u0131na \u00c7\u0131kt\u0131 AK Parti K\u0131r\u015fehir \u0130l Ba\u015fkan\u0131 Seher \u00dcnsal\u2019\u0131n belediye y\u00f6netimini hedef alan ele\u015ftirilerine, CHP Merkez \u0130l\u00e7e Ba\u015fkan\u0131 G\u00fcrkan Ya\u011fmur cevap verdi. CHP\u2019li G\u00fcrkan Ya\u011fmur, AK Parti\u2019nin &#8220;K\u0131r\u015fehir 7 y\u0131ld\u0131r oyalan\u0131yor&#8221; iddias\u0131n\u0131n ger\u00e7e\u011fi yans\u0131tmad\u0131\u011f\u0131n\u0131 savundu. \u00dcnsal\u2019\u0131n ele\u015ftiri konusu yapt\u0131\u011f\u0131 dere \u0131slah\u0131 \u00e7al\u0131\u015fmalar\u0131n\u0131n belediye de\u011fil, Devlet Su \u0130\u015fleri [&hellip;]<\/p>\n","protected":false},"author":1,"featured_media":2472,"comment_status":"open","ping_status":"open","sticky":false,"template":"","format":"standard","meta":{"footnotes":""},"categories":[8,3],"tags":[],"class_list":["post-2471","post","type-post","status-publish","format-standard","has-post-thumbnail","hentry","category-kirsehir","category-siyaset"],"_links":{"self":[{"href":"https:\/\/www.kirsehirses.com\/index.php\/wp-json\/wp\/v2\/posts\/2471","targetHints":{"allow":["GET"]}}],"collection":[{"href":"https:\/\/www.kirsehirses.com\/index.php\/wp-json\/wp\/v2\/posts"}],"about":[{"href":"https:\/\/www.kirsehirses.com\/index.php\/wp-json\/wp\/v2\/types\/post"}],"author":[{"embeddable":true,"href":"https:\/\/www.kirsehirses.com\/index.php\/wp-json\/wp\/v2\/users\/1"}],"replies":[{"embeddable":true,"href":"https:\/\/www.kirsehirses.com\/index.php\/wp-json\/wp\/v2\/comments?post=2471"}],"version-history":[{"count":1,"href":"https:\/\/www.kirsehirses.com\/index.php\/wp-json\/wp\/v2\/posts\/2471\/revisions"}],"predecessor-version":[{"id":2473,"href":"https:\/\/www.kirsehirses.com\/index.php\/wp-json\/wp\/v2\/posts\/2471\/revisions\/2473"}],"wp:featuredmedia":[{"embeddable":true,"href":"https:\/\/www.kirsehirses.com\/index.php\/wp-json\/wp\/v2\/media\/2472"}],"wp:attachment":[{"href":"https:\/\/www.kirsehirses.com\/index.php\/wp-json\/wp\/v2\/media?parent=2471"}],"wp:term":[{"taxonomy":"category","embeddable":true,"href":"https:\/\/www.kirsehirses.com\/index.php\/wp-json\/wp\/v2\/categories?post=2471"},{"taxonomy":"post_tag","embeddable":true,"href":"https:\/\/www.kirsehirses.com\/index.php\/wp-json\/wp\/v2\/tags?post=2471"}],"curies":[{"name":"wp","href":"https:\/\/api.w.org\/{rel}","templated":true}]}}