{"id":2474,"date":"2026-05-02T05:42:39","date_gmt":"2026-05-02T02:42:39","guid":{"rendered":"https:\/\/www.kirsehirses.com\/?p=2474"},"modified":"2026-05-02T05:42:39","modified_gmt":"2026-05-02T02:42:39","slug":"kirsehirde-yesil-beceriler-projesi-basladi","status":"publish","type":"post","link":"https:\/\/www.kirsehirses.com\/index.php\/2026\/05\/02\/kirsehirde-yesil-beceriler-projesi-basladi\/","title":{"rendered":"K\u0131r\u015fehir\u2019de Ye\u015fil Beceriler Projesi Ba\u015flad\u0131"},"content":{"rendered":"<p><strong>K\u0131r\u015fehir\u2019de Ye\u015fil Beceriler Projesi Ba\u015flad\u0131<\/strong><\/p>\n<p>K\u0131r\u015fehir, gen\u00e7lerin \u00e7evre bilincini art\u0131racak ve onlar\u0131 gelece\u011fin d\u00fcnyas\u0131na haz\u0131rlayacak \u00f6nemli bir projeye ev sahipli\u011fi yap\u0131yor.<\/p>\n<p>Gen\u00e7lik ve Spor Bakanl\u0131\u011f\u0131 koordinasyonunda; K\u0131r\u015fehir Ahi Evran \u00dcniversitesi ve K\u0131r\u0131kkale \u00dcniversitesi\u2019nin akademik ve saha deste\u011fiyle hayata ge\u00e7irilen proje, d\u00fczenlenen t\u00f6renle tan\u0131t\u0131ld\u0131.<\/p>\n<p>Programa kat\u0131lan K\u0131r\u015fehir Valisi M. Sefa Demiry\u00fcrek, projenin b\u00f6lge gen\u00e7li\u011fi ve \u00e7evre gelece\u011fi i\u00e7in ta\u015f\u0131d\u0131\u011f\u0131 kritik \u00f6neme dikkat \u00e7ekti. Proje kapsam\u0131nda Ahiler Kalk\u0131nma Ajans\u0131 b\u00f6lgesindeki (Aksaray, K\u0131r\u0131kkale, K\u0131r\u015fehir, Nev\u015fehir, Ni\u011fde) gen\u00e7lerin iklim de\u011fi\u015fikli\u011fi ile m\u00fccadelede aktif birer \u00e7\u00f6z\u00fcm orta\u011f\u0131 olmalar\u0131 hedefleniyor.<\/p>\n<p>Vali Demiry\u00fcrek, gen\u00e7lerin proje sayesinde karbon ayak izi ve su ayak izi gibi g\u00fcn\u00fcm\u00fcz\u00fcn en kritik &#8220;ye\u015fil becerileri&#8221; konusunda teknik e\u011fitimler alaca\u011f\u0131n\u0131 vurgulad\u0131. Bu sayede gen\u00e7lerin \u00e7evre sorunlar\u0131na kar\u015f\u0131 sadece fark\u0131ndal\u0131k kazanmakla kalmay\u0131p, ayn\u0131 zamanda bilimsel temelli ve \u00e7\u00f6z\u00fcm odakl\u0131 bir bak\u0131\u015f a\u00e7\u0131s\u0131 geli\u015ftirmeleri ama\u00e7lan\u0131yor.<\/p>\n<p>Vali M. Sefa Demiry\u00fcrek, projenin hayata ge\u00e7irilmesinde eme\u011fi ge\u00e7en t\u00fcm payda\u015f kurumlara te\u015fekk\u00fcrlerini ileterek, \u00e7al\u0131\u015fman\u0131n K\u0131r\u015fehir ve t\u00fcm b\u00f6lge i\u00e7in hay\u0131rl\u0131 olmas\u0131n\u0131 diledi.<\/p>\n","protected":false},"excerpt":{"rendered":"<p>K\u0131r\u015fehir\u2019de Ye\u015fil Beceriler Projesi Ba\u015flad\u0131 K\u0131r\u015fehir, gen\u00e7lerin \u00e7evre bilincini art\u0131racak ve onlar\u0131 gelece\u011fin d\u00fcnyas\u0131na haz\u0131rlayacak \u00f6nemli bir projeye ev sahipli\u011fi yap\u0131yor. Gen\u00e7lik ve Spor Bakanl\u0131\u011f\u0131 koordinasyonunda; K\u0131r\u015fehir Ahi Evran \u00dcniversitesi ve K\u0131r\u0131kkale \u00dcniversitesi\u2019nin akademik ve saha deste\u011fiyle hayata ge\u00e7irilen proje, d\u00fczenlenen t\u00f6renle tan\u0131t\u0131ld\u0131. Programa kat\u0131lan K\u0131r\u015fehir Valisi M. Sefa Demiry\u00fcrek, projenin b\u00f6lge gen\u00e7li\u011fi ve \u00e7evre [&hellip;]<\/p>\n","protected":false},"author":1,"featured_media":2475,"comment_status":"open","ping_status":"open","sticky":false,"template":"","format":"standard","meta":{"footnotes":""},"categories":[10],"tags":[],"class_list":["post-2474","post","type-post","status-publish","format-standard","has-post-thumbnail","hentry","category-egitim"],"_links":{"self":[{"href":"https:\/\/www.kirsehirses.com\/index.php\/wp-json\/wp\/v2\/posts\/2474","targetHints":{"allow":["GET"]}}],"collection":[{"href":"https:\/\/www.kirsehirses.com\/index.php\/wp-json\/wp\/v2\/posts"}],"about":[{"href":"https:\/\/www.kirsehirses.com\/index.php\/wp-json\/wp\/v2\/types\/post"}],"author":[{"embeddable":true,"href":"https:\/\/www.kirsehirses.com\/index.php\/wp-json\/wp\/v2\/users\/1"}],"replies":[{"embeddable":true,"href":"https:\/\/www.kirsehirses.com\/index.php\/wp-json\/wp\/v2\/comments?post=2474"}],"version-history":[{"count":1,"href":"https:\/\/www.kirsehirses.com\/index.php\/wp-json\/wp\/v2\/posts\/2474\/revisions"}],"predecessor-version":[{"id":2476,"href":"https:\/\/www.kirsehirses.com\/index.php\/wp-json\/wp\/v2\/posts\/2474\/revisions\/2476"}],"wp:featuredmedia":[{"embeddable":true,"href":"https:\/\/www.kirsehirses.com\/index.php\/wp-json\/wp\/v2\/media\/2475"}],"wp:attachment":[{"href":"https:\/\/www.kirsehirses.com\/index.php\/wp-json\/wp\/v2\/media?parent=2474"}],"wp:term":[{"taxonomy":"category","embeddable":true,"href":"https:\/\/www.kirsehirses.com\/index.php\/wp-json\/wp\/v2\/categories?post=2474"},{"taxonomy":"post_tag","embeddable":true,"href":"https:\/\/www.kirsehirses.com\/index.php\/wp-json\/wp\/v2\/tags?post=2474"}],"curies":[{"name":"wp","href":"https:\/\/api.w.org\/{rel}","templated":true}]}}