{"id":2480,"date":"2026-05-02T05:44:31","date_gmt":"2026-05-02T02:44:31","guid":{"rendered":"https:\/\/www.kirsehirses.com\/?p=2480"},"modified":"2026-05-02T05:44:31","modified_gmt":"2026-05-02T02:44:31","slug":"bakanliktan-kirsehir-yerel-yonetimlerine-destek","status":"publish","type":"post","link":"https:\/\/www.kirsehirses.com\/index.php\/2026\/05\/02\/bakanliktan-kirsehir-yerel-yonetimlerine-destek\/","title":{"rendered":"Bakanl\u0131ktan K\u0131r\u015fehir Yerel Y\u00f6netimlerine Destek"},"content":{"rendered":"<p><strong>Bakanl\u0131ktan K\u0131r\u015fehir Yerel Y\u00f6netimlerine Destek<\/strong><\/p>\n<p>\u00c7evre, \u015eehircilik ve \u0130klim De\u011fi\u015fikli\u011fi Bakanl\u0131\u011f\u0131, K\u0131r\u015fehir \u0130l \u00d6zel \u0130daresi ve belediyelere y\u00f6nelik hibe ve ara\u00e7 destek paketi a\u00e7\u0131klad\u0131.<\/p>\n<p>K\u0131r\u015fehir genelinde hizmet kalitesini art\u0131rmay\u0131 hedefleyen destek paketinde; altyap\u0131dan ara\u00e7 filosuna, sosyal tesislerden \u00e7evre d\u00fczenlemesine kadar bir\u00e7ok kalem yer al\u0131yor.<\/p>\n<p>K\u0131r\u015fehir Milletvekili Necmettin Erkan\u2019\u0131n a\u00e7\u0131klad\u0131\u011f\u0131 destekler \u015f\u00f6yle:<br \/>\n\u2022 \u0130l \u00d6zel \u0130daresi: 10 Milyon TL parke ta\u015f\u0131 hibesi, araz\u00f6z ve i\u015f makinesi.<br \/>\n\u2022 Kaman: 18 Milyon TL toplam hibe, trakt\u00f6r ve 150 adet \u00e7\u00f6p konteyneri.<br \/>\n\u2022 \u00c7i\u00e7ekda\u011f\u0131: 10 Milyon TL altyap\u0131 ve &#8220;Engelsiz Ya\u015fam Alan\u0131&#8221; deste\u011fi.<br \/>\n\u2022 K\u00f6seli: 7 Milyon TL hibe, \u00e7\u00f6p kamyonu ve Millet Bah\u00e7esi projesi.<br \/>\n\u2022 Mucur: 8 Milyon TL hibe, araz\u00f6z ve s\u0131f\u0131r at\u0131k deste\u011fi.<br \/>\nBelediyelere<\/p>\n<p>Bakanl\u0131k ayr\u0131ca; Akp\u0131nar, Boztepe, \u00d6zba\u011f ve Kuranc\u0131l\u0131 belediyelerine altyap\u0131 ve yol \u00e7al\u0131\u015fmalar\u0131 i\u00e7in 4&#8217;er Milyon TL, Ak\u00e7akent belediyesine ise \u00e7evre d\u00fczenlemesi i\u00e7in 3 Milyon TL hibe sa\u011flad\u0131.<\/p>\n<p>Bu yat\u0131r\u0131mlarla birlikte K\u0131r\u015fehir\u2019in hem ara\u00e7 park\u0131 yenileniyor hem de il\u00e7elerin modern bir g\u00f6r\u00fcn\u00fcme kavu\u015fmas\u0131 hedefleniyor.<\/p>\n","protected":false},"excerpt":{"rendered":"<p>Bakanl\u0131ktan K\u0131r\u015fehir Yerel Y\u00f6netimlerine Destek \u00c7evre, \u015eehircilik ve \u0130klim De\u011fi\u015fikli\u011fi Bakanl\u0131\u011f\u0131, K\u0131r\u015fehir \u0130l \u00d6zel \u0130daresi ve belediyelere y\u00f6nelik hibe ve ara\u00e7 destek paketi a\u00e7\u0131klad\u0131. K\u0131r\u015fehir genelinde hizmet kalitesini art\u0131rmay\u0131 hedefleyen destek paketinde; altyap\u0131dan ara\u00e7 filosuna, sosyal tesislerden \u00e7evre d\u00fczenlemesine kadar bir\u00e7ok kalem yer al\u0131yor. K\u0131r\u015fehir Milletvekili Necmettin Erkan\u2019\u0131n a\u00e7\u0131klad\u0131\u011f\u0131 destekler \u015f\u00f6yle: \u2022 \u0130l \u00d6zel \u0130daresi: [&hellip;]<\/p>\n","protected":false},"author":1,"featured_media":2481,"comment_status":"open","ping_status":"open","sticky":false,"template":"","format":"standard","meta":{"footnotes":""},"categories":[3],"tags":[],"class_list":["post-2480","post","type-post","status-publish","format-standard","has-post-thumbnail","hentry","category-siyaset"],"_links":{"self":[{"href":"https:\/\/www.kirsehirses.com\/index.php\/wp-json\/wp\/v2\/posts\/2480","targetHints":{"allow":["GET"]}}],"collection":[{"href":"https:\/\/www.kirsehirses.com\/index.php\/wp-json\/wp\/v2\/posts"}],"about":[{"href":"https:\/\/www.kirsehirses.com\/index.php\/wp-json\/wp\/v2\/types\/post"}],"author":[{"embeddable":true,"href":"https:\/\/www.kirsehirses.com\/index.php\/wp-json\/wp\/v2\/users\/1"}],"replies":[{"embeddable":true,"href":"https:\/\/www.kirsehirses.com\/index.php\/wp-json\/wp\/v2\/comments?post=2480"}],"version-history":[{"count":1,"href":"https:\/\/www.kirsehirses.com\/index.php\/wp-json\/wp\/v2\/posts\/2480\/revisions"}],"predecessor-version":[{"id":2482,"href":"https:\/\/www.kirsehirses.com\/index.php\/wp-json\/wp\/v2\/posts\/2480\/revisions\/2482"}],"wp:featuredmedia":[{"embeddable":true,"href":"https:\/\/www.kirsehirses.com\/index.php\/wp-json\/wp\/v2\/media\/2481"}],"wp:attachment":[{"href":"https:\/\/www.kirsehirses.com\/index.php\/wp-json\/wp\/v2\/media?parent=2480"}],"wp:term":[{"taxonomy":"category","embeddable":true,"href":"https:\/\/www.kirsehirses.com\/index.php\/wp-json\/wp\/v2\/categories?post=2480"},{"taxonomy":"post_tag","embeddable":true,"href":"https:\/\/www.kirsehirses.com\/index.php\/wp-json\/wp\/v2\/tags?post=2480"}],"curies":[{"name":"wp","href":"https:\/\/api.w.org\/{rel}","templated":true}]}}