{"id":295,"date":"2025-09-18T01:17:39","date_gmt":"2025-09-17T22:17:39","guid":{"rendered":"https:\/\/www.kirsehirses.com\/?p=295"},"modified":"2025-09-18T01:29:19","modified_gmt":"2025-09-17T22:29:19","slug":"demokrasi-sehitleri-rahmetle-aniliyor","status":"publish","type":"post","link":"https:\/\/www.kirsehirses.com\/index.php\/2025\/09\/18\/demokrasi-sehitleri-rahmetle-aniliyor\/","title":{"rendered":"DEMOKRAS\u0130 \u015eEH\u0130TLER\u0130 RAHMETLE ANILIYOR"},"content":{"rendered":"<p>&nbsp;<\/p>\n<p>T\u00fcrkiye Cumhuriyeti demokrasi tarihinin en kara g\u00fcnlerinden biri olan 27 May\u0131s 1960 darbesinin ard\u0131ndan, cunta mahkemeleri taraf\u0131ndan haks\u0131z ve hukuk d\u0131\u015f\u0131 \u015fekilde idam edilen d\u00f6nemin Ba\u015fbakan\u0131 Adnan Menderes, D\u0131\u015fi\u015fleri Bakan\u0131 Fatin R\u00fc\u015ft\u00fc Zorlu ve Maliye Bakan\u0131 Hasan Polatkan, idamlar\u0131n\u0131n 64. y\u0131l\u0131nda rahmetle an\u0131l\u0131yor.<\/p>\n<p>Demokratik yollarla halk\u0131n oylar\u0131yla iktidara gelmi\u015f olan Menderes ve arkada\u015flar\u0131, 27 May\u0131s askeri darbesi sonras\u0131nda kurulan s\u00f6zde Y\u00fcksek Adalet Divan\u0131\u2019nda yarg\u0131lanarak idama mahk\u00fbm edilmi\u015f, hukuk ve adalet ilkeleri yok say\u0131lm\u0131\u015ft\u0131. S\u00f6z konusu kararlar, kamu vicdan\u0131nda derin yaralar a\u00e7m\u0131\u015f ve uzun y\u0131llar boyunca demokrasinin geli\u015fimini olumsuz etkilemi\u015fti.<\/p>\n<p>Yap\u0131lan anma mesajlar\u0131nda, darbenin hukuki ve ahlaki me\u015fruiyetten yoksun oldu\u011fu vurgulan\u0131rken, millet iradesine yap\u0131lan bu m\u00fcdahalenin tarihsel bir utan\u00e7 olarak haf\u0131zalarda yer ald\u0131\u011f\u0131 ifade ediliyor.<\/p>\n<p>Toplumun geni\u015f kesimleri, demokrasiye ve hukukun \u00fcst\u00fcnl\u00fc\u011f\u00fcne olan ba\u011fl\u0131l\u0131klar\u0131n\u0131 yineleyerek, ge\u00e7mi\u015fte ya\u015fanan bu t\u00fcr antidemokratik m\u00fcdahalelerin bir daha tekrarlanmamas\u0131 temennisinde bulunuyor.<\/p>\n<p>Demokrasi \u015fehitleri Menderes, Zorlu ve Polatkan; idam edili\u015flerimin 64. y\u0131l\u0131nda \u00e7e\u015fitli platformlarda yay\u0131mlanan mesajlarla ve dualarla\u00a0an\u0131l\u0131yor.<\/p>\n<p><img loading=\"lazy\" decoding=\"async\" class=\"alignnone size-full wp-image-296\" src=\"https:\/\/www.kirsehirses.com\/wp-content\/uploads\/2025\/09\/WhatsApp-Gorsel-2025-09-17-saat-10.23.36_15d824f9.jpg\" alt=\"\" width=\"1170\" height=\"794\" srcset=\"https:\/\/www.kirsehirses.com\/wp-content\/uploads\/2025\/09\/WhatsApp-Gorsel-2025-09-17-saat-10.23.36_15d824f9.jpg 1170w, https:\/\/www.kirsehirses.com\/wp-content\/uploads\/2025\/09\/WhatsApp-Gorsel-2025-09-17-saat-10.23.36_15d824f9-300x204.jpg 300w, https:\/\/www.kirsehirses.com\/wp-content\/uploads\/2025\/09\/WhatsApp-Gorsel-2025-09-17-saat-10.23.36_15d824f9-1024x695.jpg 1024w, https:\/\/www.kirsehirses.com\/wp-content\/uploads\/2025\/09\/WhatsApp-Gorsel-2025-09-17-saat-10.23.36_15d824f9-768x521.jpg 768w\" sizes=\"auto, (max-width: 1170px) 100vw, 1170px\" \/><\/p>\n","protected":false},"excerpt":{"rendered":"<p>&nbsp; T\u00fcrkiye Cumhuriyeti demokrasi tarihinin en kara g\u00fcnlerinden biri olan 27 May\u0131s 1960 darbesinin ard\u0131ndan, cunta mahkemeleri taraf\u0131ndan haks\u0131z ve hukuk d\u0131\u015f\u0131 \u015fekilde idam edilen d\u00f6nemin Ba\u015fbakan\u0131 Adnan Menderes, D\u0131\u015fi\u015fleri Bakan\u0131 Fatin R\u00fc\u015ft\u00fc Zorlu ve Maliye Bakan\u0131 Hasan Polatkan, idamlar\u0131n\u0131n 64. y\u0131l\u0131nda rahmetle an\u0131l\u0131yor. Demokratik yollarla halk\u0131n oylar\u0131yla iktidara gelmi\u015f olan Menderes ve arkada\u015flar\u0131, 27 [&hellip;]<\/p>\n","protected":false},"author":1,"featured_media":306,"comment_status":"open","ping_status":"open","sticky":false,"template":"","format":"standard","meta":{"footnotes":""},"categories":[7],"tags":[],"class_list":["post-295","post","type-post","status-publish","format-standard","has-post-thumbnail","hentry","category-turkiye"],"_links":{"self":[{"href":"https:\/\/www.kirsehirses.com\/index.php\/wp-json\/wp\/v2\/posts\/295","targetHints":{"allow":["GET"]}}],"collection":[{"href":"https:\/\/www.kirsehirses.com\/index.php\/wp-json\/wp\/v2\/posts"}],"about":[{"href":"https:\/\/www.kirsehirses.com\/index.php\/wp-json\/wp\/v2\/types\/post"}],"author":[{"embeddable":true,"href":"https:\/\/www.kirsehirses.com\/index.php\/wp-json\/wp\/v2\/users\/1"}],"replies":[{"embeddable":true,"href":"https:\/\/www.kirsehirses.com\/index.php\/wp-json\/wp\/v2\/comments?post=295"}],"version-history":[{"count":1,"href":"https:\/\/www.kirsehirses.com\/index.php\/wp-json\/wp\/v2\/posts\/295\/revisions"}],"predecessor-version":[{"id":297,"href":"https:\/\/www.kirsehirses.com\/index.php\/wp-json\/wp\/v2\/posts\/295\/revisions\/297"}],"wp:featuredmedia":[{"embeddable":true,"href":"https:\/\/www.kirsehirses.com\/index.php\/wp-json\/wp\/v2\/media\/306"}],"wp:attachment":[{"href":"https:\/\/www.kirsehirses.com\/index.php\/wp-json\/wp\/v2\/media?parent=295"}],"wp:term":[{"taxonomy":"category","embeddable":true,"href":"https:\/\/www.kirsehirses.com\/index.php\/wp-json\/wp\/v2\/categories?post=295"},{"taxonomy":"post_tag","embeddable":true,"href":"https:\/\/www.kirsehirses.com\/index.php\/wp-json\/wp\/v2\/tags?post=295"}],"curies":[{"name":"wp","href":"https:\/\/api.w.org\/{rel}","templated":true}]}}