{"id":325,"date":"2025-09-21T18:24:26","date_gmt":"2025-09-21T15:24:26","guid":{"rendered":"https:\/\/www.kirsehirses.com\/?p=325"},"modified":"2025-09-21T18:24:26","modified_gmt":"2025-09-21T15:24:26","slug":"mac-sonucu-kirsehir-fsk-0-0-agri-1970-spor","status":"publish","type":"post","link":"https:\/\/www.kirsehirses.com\/index.php\/2025\/09\/21\/mac-sonucu-kirsehir-fsk-0-0-agri-1970-spor\/","title":{"rendered":"Ma\u00e7 Sonucu: K\u0131r\u015fehir FSK 0-0 A\u011fr\u0131 1970 Spor"},"content":{"rendered":"<p><strong>Ma\u00e7 Sonucu: K\u0131r\u015fehir FSK 0-0 A\u011fr\u0131 1970 Spor<\/strong><\/p>\n<p>Temsilcimiz Ejdero\u011flu K\u0131r\u015fehirspor FK kendi sahas\u0131nda kar\u015f\u0131la\u015ft\u0131\u011f\u0131 ve say\u0131s\u0131z gol pozisyonunu de\u011ferlendiremedi\u011fi ma\u00e7ta A\u011fr\u0131spor ile 0-0 berabere kalarak puan\u0131n\u0131 3&#8217;e \u00e7\u0131kard\u0131. Ye\u015fil beyazl\u0131lar ligde oynad\u0131\u011f\u0131 3 ma\u00e7tan da 0-0&#8217;l\u0131k beraberlik ile ayr\u0131ld\u0131.<\/p>\n<p><img loading=\"lazy\" decoding=\"async\" class=\"alignnone size-full wp-image-326\" src=\"https:\/\/www.kirsehirses.com\/wp-content\/uploads\/2025\/09\/WhatsApp-Gorsel-2025-09-21-saat-16.35.27_fb65486d.jpg\" alt=\"\" width=\"1079\" height=\"1225\" srcset=\"https:\/\/www.kirsehirses.com\/wp-content\/uploads\/2025\/09\/WhatsApp-Gorsel-2025-09-21-saat-16.35.27_fb65486d.jpg 1079w, https:\/\/www.kirsehirses.com\/wp-content\/uploads\/2025\/09\/WhatsApp-Gorsel-2025-09-21-saat-16.35.27_fb65486d-264x300.jpg 264w, https:\/\/www.kirsehirses.com\/wp-content\/uploads\/2025\/09\/WhatsApp-Gorsel-2025-09-21-saat-16.35.27_fb65486d-902x1024.jpg 902w, https:\/\/www.kirsehirses.com\/wp-content\/uploads\/2025\/09\/WhatsApp-Gorsel-2025-09-21-saat-16.35.27_fb65486d-768x872.jpg 768w\" sizes=\"auto, (max-width: 1079px) 100vw, 1079px\" \/><\/p>\n","protected":false},"excerpt":{"rendered":"<p>Ma\u00e7 Sonucu: K\u0131r\u015fehir FSK 0-0 A\u011fr\u0131 1970 Spor Temsilcimiz Ejdero\u011flu K\u0131r\u015fehirspor FK kendi sahas\u0131nda kar\u015f\u0131la\u015ft\u0131\u011f\u0131 ve say\u0131s\u0131z gol pozisyonunu de\u011ferlendiremedi\u011fi ma\u00e7ta A\u011fr\u0131spor ile 0-0 berabere kalarak puan\u0131n\u0131 3&#8217;e \u00e7\u0131kard\u0131. Ye\u015fil beyazl\u0131lar ligde oynad\u0131\u011f\u0131 3 ma\u00e7tan da 0-0&#8217;l\u0131k beraberlik ile ayr\u0131ld\u0131.<\/p>\n","protected":false},"author":1,"featured_media":327,"comment_status":"open","ping_status":"open","sticky":false,"template":"","format":"standard","meta":{"footnotes":""},"categories":[4],"tags":[],"class_list":["post-325","post","type-post","status-publish","format-standard","has-post-thumbnail","hentry","category-spor"],"_links":{"self":[{"href":"https:\/\/www.kirsehirses.com\/index.php\/wp-json\/wp\/v2\/posts\/325","targetHints":{"allow":["GET"]}}],"collection":[{"href":"https:\/\/www.kirsehirses.com\/index.php\/wp-json\/wp\/v2\/posts"}],"about":[{"href":"https:\/\/www.kirsehirses.com\/index.php\/wp-json\/wp\/v2\/types\/post"}],"author":[{"embeddable":true,"href":"https:\/\/www.kirsehirses.com\/index.php\/wp-json\/wp\/v2\/users\/1"}],"replies":[{"embeddable":true,"href":"https:\/\/www.kirsehirses.com\/index.php\/wp-json\/wp\/v2\/comments?post=325"}],"version-history":[{"count":1,"href":"https:\/\/www.kirsehirses.com\/index.php\/wp-json\/wp\/v2\/posts\/325\/revisions"}],"predecessor-version":[{"id":328,"href":"https:\/\/www.kirsehirses.com\/index.php\/wp-json\/wp\/v2\/posts\/325\/revisions\/328"}],"wp:featuredmedia":[{"embeddable":true,"href":"https:\/\/www.kirsehirses.com\/index.php\/wp-json\/wp\/v2\/media\/327"}],"wp:attachment":[{"href":"https:\/\/www.kirsehirses.com\/index.php\/wp-json\/wp\/v2\/media?parent=325"}],"wp:term":[{"taxonomy":"category","embeddable":true,"href":"https:\/\/www.kirsehirses.com\/index.php\/wp-json\/wp\/v2\/categories?post=325"},{"taxonomy":"post_tag","embeddable":true,"href":"https:\/\/www.kirsehirses.com\/index.php\/wp-json\/wp\/v2\/tags?post=325"}],"curies":[{"name":"wp","href":"https:\/\/api.w.org\/{rel}","templated":true}]}}