{"id":355,"date":"2025-09-24T18:49:52","date_gmt":"2025-09-24T15:49:52","guid":{"rendered":"https:\/\/www.kirsehirses.com\/?p=355"},"modified":"2025-09-24T18:49:52","modified_gmt":"2025-09-24T15:49:52","slug":"gaspirali-ismail-bey-anma-ve-belgesel-gosterimi","status":"publish","type":"post","link":"https:\/\/www.kirsehirses.com\/index.php\/2025\/09\/24\/gaspirali-ismail-bey-anma-ve-belgesel-gosterimi\/","title":{"rendered":"Gasp\u0131ral\u0131 \u0130smail Bey Anma ve Belgesel G\u00f6sterimi"},"content":{"rendered":"<p><strong>Gasp\u0131ral\u0131 \u0130smail Bey Anma ve Belgesel G\u00f6sterimi<\/strong><\/p>\n<p>T\u00fcrk D\u00fcnyas\u0131\u2019n\u0131n \u00f6nc\u00fc \u015fahsiyetlerinden, b\u00fcy\u00fck fikir ve eylem adam\u0131 \u0130smail Bey Gasp\u0131ral\u0131, vefat\u0131n\u0131n 111. y\u0131l\u0131nda \u00f6zel bir etkinlikle an\u0131ld\u0131.<\/p>\n<p>T\u00fcrk D\u00fcnyas\u0131 Parlamenterler Vakf\u0131 (TDPV) taraf\u0131ndan d\u00fczenlenen \u201c\u0130smail Bey Gasp\u0131ral\u0131 Anma ve Belgesel \u0130lk G\u00f6sterim Program\u0131\u201d 24 Eyl\u00fcl 2025 \u00c7ar\u015famba g\u00fcn\u00fc saat 15.00\u2019te ATO Meclis Salonu\u2019nda yap\u0131ld\u0131.<\/p>\n<p>Program kapsam\u0131nda \u201cK\u0131r\u0131mdan Do\u011fan G\u00fcne\u015f: \u0130smail Bey Gasp\u0131ral\u0131\u201d belgeselinin ilk g\u00f6sterimi ger\u00e7ekle\u015ftirildi.<\/p>\n<p>Program\u0131n a\u00e7\u0131l\u0131\u015f konu\u015fmas\u0131n\u0131 yapan K\u00fclt\u00fcr ve Turizm Bakan\u0131 M. Nuri Ersoy; K\u00fclt\u00fcr ve Turizm Bakan\u0131 Mehmet Nuri Ersoy, &#8220;\u0130smail Gasp\u0131ral\u0131 ad\u0131 bizler i\u00e7in, b\u00fct\u00fcn T\u00fcrk d\u00fcnyas\u0131n\u0131n omuzlamas\u0131 gereken bir vefa borcunun ve gere\u011finin yap\u0131lmas\u0131 laz\u0131m gelen a\u011f\u0131r bir sorumlulu\u011fun hat\u0131rlat\u0131c\u0131s\u0131d\u0131r.\u201d dedi.<br \/>\nBelgeselin haz\u0131rlanmas\u0131na katk\u0131 sa\u011flayanlara plaketlerin takdiminin ard\u0131ndan<br \/>\n\u201cDilde Birlik\u201d ba\u015fl\u0131\u011f\u0131yla T\u00fcrk Dil Kurumu Ba\u015fkan\u0131 Prof. Dr. Osman Mert,<br \/>\n\u201cFikirde Birlik\u201d ba\u015fl\u0131\u011f\u0131yla Bilkent \u00dcniversitesi \u00d6\u011fretim \u00dcyesi Prof. Dr. Hakan K\u0131r\u0131ml\u0131,<br \/>\n\u201c\u0130\u015fte Birlik\u201d ba\u015fl\u0131\u011f\u0131yla T\u00fcrk D\u00fcnyas\u0131 \u0130\u015f Konseyi Ba\u015fkan\u0131 Ayd\u0131n Erko\u00e7 konu\u015fma yapt\u0131.<\/p>\n<p>Programda Reels Video Yar\u0131\u015fmas\u0131 \u00f6d\u00fcl t\u00f6reni, ahilik resim sergisi ve m\u00fczik dinletisi yer ald\u0131.<\/p>\n<p>23 ve 24. D\u00f6nem K\u0131r\u015fehir Milletvekili ve T\u00fcrk D\u00fcnyas\u0131 Parlamenterler Vakf\u0131 Y\u00f6netim Kurulu Ba\u015fkan\u0131 Dr. Abdullah \u00c7al\u0131\u015fkan, \u201cB\u00fcy\u00fck fikir ve eylem adam\u0131 \u0130smail Bey Gasp\u0131ral\u0131\u2019n\u0131n hat\u0131ras\u0131n\u0131 ya\u015fatmak ve gelecek nesillere aktarmak bizim i\u00e7in b\u00fcy\u00fck mutluluk\u201d ifadelerini kullanarak t\u00fcm kat\u0131l\u0131mc\u0131lara te\u015fekk\u00fcr etti.<\/p>\n<p><img loading=\"lazy\" decoding=\"async\" class=\"alignnone size-full wp-image-356\" src=\"https:\/\/www.kirsehirses.com\/wp-content\/uploads\/2025\/09\/IMG-20250924-WA0017.jpg\" alt=\"\" width=\"1064\" height=\"670\" srcset=\"https:\/\/www.kirsehirses.com\/wp-content\/uploads\/2025\/09\/IMG-20250924-WA0017.jpg 1064w, https:\/\/www.kirsehirses.com\/wp-content\/uploads\/2025\/09\/IMG-20250924-WA0017-300x189.jpg 300w, https:\/\/www.kirsehirses.com\/wp-content\/uploads\/2025\/09\/IMG-20250924-WA0017-1024x645.jpg 1024w, https:\/\/www.kirsehirses.com\/wp-content\/uploads\/2025\/09\/IMG-20250924-WA0017-768x484.jpg 768w\" sizes=\"auto, (max-width: 1064px) 100vw, 1064px\" \/><\/p>\n","protected":false},"excerpt":{"rendered":"<p>Gasp\u0131ral\u0131 \u0130smail Bey Anma ve Belgesel G\u00f6sterimi T\u00fcrk D\u00fcnyas\u0131\u2019n\u0131n \u00f6nc\u00fc \u015fahsiyetlerinden, b\u00fcy\u00fck fikir ve eylem adam\u0131 \u0130smail Bey Gasp\u0131ral\u0131, vefat\u0131n\u0131n 111. y\u0131l\u0131nda \u00f6zel bir etkinlikle an\u0131ld\u0131. T\u00fcrk D\u00fcnyas\u0131 Parlamenterler Vakf\u0131 (TDPV) taraf\u0131ndan d\u00fczenlenen \u201c\u0130smail Bey Gasp\u0131ral\u0131 Anma ve Belgesel \u0130lk G\u00f6sterim Program\u0131\u201d 24 Eyl\u00fcl 2025 \u00c7ar\u015famba g\u00fcn\u00fc saat 15.00\u2019te ATO Meclis Salonu\u2019nda yap\u0131ld\u0131. Program kapsam\u0131nda [&hellip;]<\/p>\n","protected":false},"author":1,"featured_media":356,"comment_status":"open","ping_status":"open","sticky":false,"template":"","format":"standard","meta":{"footnotes":""},"categories":[7],"tags":[],"class_list":["post-355","post","type-post","status-publish","format-standard","has-post-thumbnail","hentry","category-turkiye"],"_links":{"self":[{"href":"https:\/\/www.kirsehirses.com\/index.php\/wp-json\/wp\/v2\/posts\/355","targetHints":{"allow":["GET"]}}],"collection":[{"href":"https:\/\/www.kirsehirses.com\/index.php\/wp-json\/wp\/v2\/posts"}],"about":[{"href":"https:\/\/www.kirsehirses.com\/index.php\/wp-json\/wp\/v2\/types\/post"}],"author":[{"embeddable":true,"href":"https:\/\/www.kirsehirses.com\/index.php\/wp-json\/wp\/v2\/users\/1"}],"replies":[{"embeddable":true,"href":"https:\/\/www.kirsehirses.com\/index.php\/wp-json\/wp\/v2\/comments?post=355"}],"version-history":[{"count":1,"href":"https:\/\/www.kirsehirses.com\/index.php\/wp-json\/wp\/v2\/posts\/355\/revisions"}],"predecessor-version":[{"id":357,"href":"https:\/\/www.kirsehirses.com\/index.php\/wp-json\/wp\/v2\/posts\/355\/revisions\/357"}],"wp:featuredmedia":[{"embeddable":true,"href":"https:\/\/www.kirsehirses.com\/index.php\/wp-json\/wp\/v2\/media\/356"}],"wp:attachment":[{"href":"https:\/\/www.kirsehirses.com\/index.php\/wp-json\/wp\/v2\/media?parent=355"}],"wp:term":[{"taxonomy":"category","embeddable":true,"href":"https:\/\/www.kirsehirses.com\/index.php\/wp-json\/wp\/v2\/categories?post=355"},{"taxonomy":"post_tag","embeddable":true,"href":"https:\/\/www.kirsehirses.com\/index.php\/wp-json\/wp\/v2\/tags?post=355"}],"curies":[{"name":"wp","href":"https:\/\/api.w.org\/{rel}","templated":true}]}}