{"id":383,"date":"2025-09-26T01:49:24","date_gmt":"2025-09-25T22:49:24","guid":{"rendered":"https:\/\/www.kirsehirses.com\/?p=383"},"modified":"2025-09-26T01:49:24","modified_gmt":"2025-09-25T22:49:24","slug":"kirsehirsporda-hedef-malatya-deplasmani","status":"publish","type":"post","link":"https:\/\/www.kirsehirses.com\/index.php\/2025\/09\/26\/kirsehirsporda-hedef-malatya-deplasmani\/","title":{"rendered":"K\u0131r\u015fehirspor\u2019da Hedef Malatya Deplasman\u0131"},"content":{"rendered":"<p><strong>K\u0131r\u015fehirspor\u2019da Hedef Malatya Deplasman\u0131<\/strong><\/p>\n<p>TFF 3. Lig 2. Grup\u2019ta m\u00fccadele eden Ejdero\u011flu K\u0131r\u015fehirspor, 4. hafta ma\u00e7\u0131nda Malatya Ye\u015filyurtspor\u2019a konuk olacak.<\/p>\n<p>Kar\u015f\u0131la\u015fma, 28 Eyl\u00fcl Pazar g\u00fcn\u00fc saat 15.00\u2019te Ye\u015filtepe Spor Kompleksi\u2019nde oynanacak.<\/p>\n<p>Yeni stat\u00fc gere\u011fi gen\u00e7le\u015fen kadrosuyla sezona \u00fc\u00e7 beraberlikle ba\u015flayan K\u0131r\u015fehirspor, bu zorlu deplasmandan galibiyetle d\u00f6nmeyi hedefliyor. Teknik heyet hafta boyunca kontra atak, kanat organizasyonlar\u0131 ve son vuru\u015flara odakland\u0131. Rakip Malatya Ye\u015filyurtspor ise 3 ma\u00e7ta toplad\u0131\u011f\u0131 4 puanda ve evinde puan arayacak.<\/p>\n<p><img loading=\"lazy\" decoding=\"async\" class=\"alignnone size-full wp-image-384\" src=\"https:\/\/www.kirsehirses.com\/wp-content\/uploads\/2025\/09\/WhatsApp-Gorsel-2025-09-25-saat-21.55.46_ccca573d.jpg\" alt=\"\" width=\"1350\" height=\"759\" srcset=\"https:\/\/www.kirsehirses.com\/wp-content\/uploads\/2025\/09\/WhatsApp-Gorsel-2025-09-25-saat-21.55.46_ccca573d.jpg 1350w, https:\/\/www.kirsehirses.com\/wp-content\/uploads\/2025\/09\/WhatsApp-Gorsel-2025-09-25-saat-21.55.46_ccca573d-300x169.jpg 300w, https:\/\/www.kirsehirses.com\/wp-content\/uploads\/2025\/09\/WhatsApp-Gorsel-2025-09-25-saat-21.55.46_ccca573d-1024x576.jpg 1024w, https:\/\/www.kirsehirses.com\/wp-content\/uploads\/2025\/09\/WhatsApp-Gorsel-2025-09-25-saat-21.55.46_ccca573d-768x432.jpg 768w\" sizes=\"auto, (max-width: 1350px) 100vw, 1350px\" \/><\/p>\n<p>&nbsp;<\/p>\n","protected":false},"excerpt":{"rendered":"<p>K\u0131r\u015fehirspor\u2019da Hedef Malatya Deplasman\u0131 TFF 3. Lig 2. Grup\u2019ta m\u00fccadele eden Ejdero\u011flu K\u0131r\u015fehirspor, 4. hafta ma\u00e7\u0131nda Malatya Ye\u015filyurtspor\u2019a konuk olacak. Kar\u015f\u0131la\u015fma, 28 Eyl\u00fcl Pazar g\u00fcn\u00fc saat 15.00\u2019te Ye\u015filtepe Spor Kompleksi\u2019nde oynanacak. Yeni stat\u00fc gere\u011fi gen\u00e7le\u015fen kadrosuyla sezona \u00fc\u00e7 beraberlikle ba\u015flayan K\u0131r\u015fehirspor, bu zorlu deplasmandan galibiyetle d\u00f6nmeyi hedefliyor. Teknik heyet hafta boyunca kontra atak, kanat organizasyonlar\u0131 [&hellip;]<\/p>\n","protected":false},"author":1,"featured_media":384,"comment_status":"open","ping_status":"open","sticky":false,"template":"","format":"standard","meta":{"footnotes":""},"categories":[4],"tags":[],"class_list":["post-383","post","type-post","status-publish","format-standard","has-post-thumbnail","hentry","category-spor"],"_links":{"self":[{"href":"https:\/\/www.kirsehirses.com\/index.php\/wp-json\/wp\/v2\/posts\/383","targetHints":{"allow":["GET"]}}],"collection":[{"href":"https:\/\/www.kirsehirses.com\/index.php\/wp-json\/wp\/v2\/posts"}],"about":[{"href":"https:\/\/www.kirsehirses.com\/index.php\/wp-json\/wp\/v2\/types\/post"}],"author":[{"embeddable":true,"href":"https:\/\/www.kirsehirses.com\/index.php\/wp-json\/wp\/v2\/users\/1"}],"replies":[{"embeddable":true,"href":"https:\/\/www.kirsehirses.com\/index.php\/wp-json\/wp\/v2\/comments?post=383"}],"version-history":[{"count":1,"href":"https:\/\/www.kirsehirses.com\/index.php\/wp-json\/wp\/v2\/posts\/383\/revisions"}],"predecessor-version":[{"id":385,"href":"https:\/\/www.kirsehirses.com\/index.php\/wp-json\/wp\/v2\/posts\/383\/revisions\/385"}],"wp:featuredmedia":[{"embeddable":true,"href":"https:\/\/www.kirsehirses.com\/index.php\/wp-json\/wp\/v2\/media\/384"}],"wp:attachment":[{"href":"https:\/\/www.kirsehirses.com\/index.php\/wp-json\/wp\/v2\/media?parent=383"}],"wp:term":[{"taxonomy":"category","embeddable":true,"href":"https:\/\/www.kirsehirses.com\/index.php\/wp-json\/wp\/v2\/categories?post=383"},{"taxonomy":"post_tag","embeddable":true,"href":"https:\/\/www.kirsehirses.com\/index.php\/wp-json\/wp\/v2\/tags?post=383"}],"curies":[{"name":"wp","href":"https:\/\/api.w.org\/{rel}","templated":true}]}}