{"id":421,"date":"2025-09-29T00:51:14","date_gmt":"2025-09-28T21:51:14","guid":{"rendered":"https:\/\/www.kirsehirses.com\/?p=421"},"modified":"2025-09-29T00:51:14","modified_gmt":"2025-09-28T21:51:14","slug":"yavuz-bulent-bakiler-vefat-etti","status":"publish","type":"post","link":"https:\/\/www.kirsehirses.com\/index.php\/2025\/09\/29\/yavuz-bulent-bakiler-vefat-etti\/","title":{"rendered":"Yavuz B\u00fclent Bakiler Vefat Etti"},"content":{"rendered":"<p><strong>Yavuz B\u00fclent Bakiler Vefat Etti<\/strong><\/p>\n<p>T\u00fcrk edebiyat\u0131na \u00f6nemli isimlerinden \u015fair, yazar, hukuk\u00e7u ve d\u00fc\u015f\u00fcnce insan\u0131 Yavuz B\u00fclent Bakiler\u2019in vefat etti\u011fi duyuruldu.<\/p>\n<p>\u015eiirleri, yaz\u0131lar\u0131 ve fikirleriyle edebiyat d\u00fcnyas\u0131nda ve milletimizin k\u00fclt\u00fcr ve d\u00fc\u015f\u00fcnce hayat\u0131nda da derin izler b\u0131rakan Yavuz B\u00fclent Bakiler\u2019e Allah\u2019tan rahmet ailesi ve sevenlerine sab\u0131rlar dileriz.<\/p>\n<p>1936\u2019da y\u0131l\u0131nda Sivas\u2019ta do\u011fan Bakiler, Ankara \u00dcniversitesi Hukuk Fak\u00fcltesi\u2019ni bitirmi\u015f; yazarl\u0131k, gazetecilik, avukatl\u0131k ve devlet g\u00f6revlerinde bulunmu\u015ftu.<\/p>\n<p><img loading=\"lazy\" decoding=\"async\" class=\"alignnone size-full wp-image-422\" src=\"https:\/\/www.kirsehirses.com\/wp-content\/uploads\/2025\/09\/WhatsApp-Gorsel-2025-09-28-saat-16.36.21_94ba7c76.jpg\" alt=\"\" width=\"1055\" height=\"1245\" srcset=\"https:\/\/www.kirsehirses.com\/wp-content\/uploads\/2025\/09\/WhatsApp-Gorsel-2025-09-28-saat-16.36.21_94ba7c76.jpg 1055w, https:\/\/www.kirsehirses.com\/wp-content\/uploads\/2025\/09\/WhatsApp-Gorsel-2025-09-28-saat-16.36.21_94ba7c76-254x300.jpg 254w, https:\/\/www.kirsehirses.com\/wp-content\/uploads\/2025\/09\/WhatsApp-Gorsel-2025-09-28-saat-16.36.21_94ba7c76-868x1024.jpg 868w, https:\/\/www.kirsehirses.com\/wp-content\/uploads\/2025\/09\/WhatsApp-Gorsel-2025-09-28-saat-16.36.21_94ba7c76-768x906.jpg 768w\" sizes=\"auto, (max-width: 1055px) 100vw, 1055px\" \/><\/p>\n","protected":false},"excerpt":{"rendered":"<p>Yavuz B\u00fclent Bakiler Vefat Etti T\u00fcrk edebiyat\u0131na \u00f6nemli isimlerinden \u015fair, yazar, hukuk\u00e7u ve d\u00fc\u015f\u00fcnce insan\u0131 Yavuz B\u00fclent Bakiler\u2019in vefat etti\u011fi duyuruldu. \u015eiirleri, yaz\u0131lar\u0131 ve fikirleriyle edebiyat d\u00fcnyas\u0131nda ve milletimizin k\u00fclt\u00fcr ve d\u00fc\u015f\u00fcnce hayat\u0131nda da derin izler b\u0131rakan Yavuz B\u00fclent Bakiler\u2019e Allah\u2019tan rahmet ailesi ve sevenlerine sab\u0131rlar dileriz. 1936\u2019da y\u0131l\u0131nda Sivas\u2019ta do\u011fan Bakiler, Ankara \u00dcniversitesi Hukuk [&hellip;]<\/p>\n","protected":false},"author":1,"featured_media":423,"comment_status":"open","ping_status":"open","sticky":false,"template":"","format":"standard","meta":{"footnotes":""},"categories":[7],"tags":[],"class_list":["post-421","post","type-post","status-publish","format-standard","has-post-thumbnail","hentry","category-turkiye"],"_links":{"self":[{"href":"https:\/\/www.kirsehirses.com\/index.php\/wp-json\/wp\/v2\/posts\/421","targetHints":{"allow":["GET"]}}],"collection":[{"href":"https:\/\/www.kirsehirses.com\/index.php\/wp-json\/wp\/v2\/posts"}],"about":[{"href":"https:\/\/www.kirsehirses.com\/index.php\/wp-json\/wp\/v2\/types\/post"}],"author":[{"embeddable":true,"href":"https:\/\/www.kirsehirses.com\/index.php\/wp-json\/wp\/v2\/users\/1"}],"replies":[{"embeddable":true,"href":"https:\/\/www.kirsehirses.com\/index.php\/wp-json\/wp\/v2\/comments?post=421"}],"version-history":[{"count":1,"href":"https:\/\/www.kirsehirses.com\/index.php\/wp-json\/wp\/v2\/posts\/421\/revisions"}],"predecessor-version":[{"id":424,"href":"https:\/\/www.kirsehirses.com\/index.php\/wp-json\/wp\/v2\/posts\/421\/revisions\/424"}],"wp:featuredmedia":[{"embeddable":true,"href":"https:\/\/www.kirsehirses.com\/index.php\/wp-json\/wp\/v2\/media\/423"}],"wp:attachment":[{"href":"https:\/\/www.kirsehirses.com\/index.php\/wp-json\/wp\/v2\/media?parent=421"}],"wp:term":[{"taxonomy":"category","embeddable":true,"href":"https:\/\/www.kirsehirses.com\/index.php\/wp-json\/wp\/v2\/categories?post=421"},{"taxonomy":"post_tag","embeddable":true,"href":"https:\/\/www.kirsehirses.com\/index.php\/wp-json\/wp\/v2\/tags?post=421"}],"curies":[{"name":"wp","href":"https:\/\/api.w.org\/{rel}","templated":true}]}}