{"id":425,"date":"2025-09-29T00:52:19","date_gmt":"2025-09-28T21:52:19","guid":{"rendered":"https:\/\/www.kirsehirses.com\/?p=425"},"modified":"2025-09-29T00:52:19","modified_gmt":"2025-09-28T21:52:19","slug":"kirsehirspor-malatyada-galibiyeti-kacirdi-2-2","status":"publish","type":"post","link":"https:\/\/www.kirsehirses.com\/index.php\/2025\/09\/29\/kirsehirspor-malatyada-galibiyeti-kacirdi-2-2\/","title":{"rendered":"K\u0131r\u015fehirspor Malatya&#8217;da Galibiyeti Ka\u00e7\u0131rd\u0131: 2-2"},"content":{"rendered":"<p><strong>K\u0131r\u015fehirspor Malatya&#8217;da Galibiyeti Ka\u00e7\u0131rd\u0131: 2-2<\/strong><\/p>\n<p>TFF 3. Lig 2. Grup\u2019ta m\u00fccadele eden K\u0131r\u015fehirspor, deplasmanda kar\u015f\u0131la\u015ft\u0131\u011f\u0131 Malatya Ye\u015filyurt Belediyespor ile 2-2 berabere kald\u0131.<\/p>\n<p>M\u00fccadeleye 1-0 yenik ba\u015flayan ye\u015fil-beyazl\u0131 ekip, ikinci yar\u0131da buldu\u011fu iki golle \u00f6ne ge\u00e7ti. Ancak son dakikalarda yedi\u011fi golle sahadan 2-2\u2019lik e\u015fitlikle ayr\u0131ld\u0131. K\u0131r\u015fehirspor, bu sonu\u00e7la d\u0131\u015f sahadan 1 puanla d\u00f6nerken galibiyeti son anda ka\u00e7\u0131rm\u0131\u015f oldu.<\/p>\n<p><img loading=\"lazy\" decoding=\"async\" class=\"alignnone size-full wp-image-426\" src=\"https:\/\/www.kirsehirses.com\/wp-content\/uploads\/2025\/09\/Ekran-goruntusu-2025-09-29-003858.png\" alt=\"\" width=\"742\" height=\"417\" srcset=\"https:\/\/www.kirsehirses.com\/wp-content\/uploads\/2025\/09\/Ekran-goruntusu-2025-09-29-003858.png 742w, https:\/\/www.kirsehirses.com\/wp-content\/uploads\/2025\/09\/Ekran-goruntusu-2025-09-29-003858-300x169.png 300w\" sizes=\"auto, (max-width: 742px) 100vw, 742px\" \/><\/p>\n","protected":false},"excerpt":{"rendered":"<p>K\u0131r\u015fehirspor Malatya&#8217;da Galibiyeti Ka\u00e7\u0131rd\u0131: 2-2 TFF 3. Lig 2. Grup\u2019ta m\u00fccadele eden K\u0131r\u015fehirspor, deplasmanda kar\u015f\u0131la\u015ft\u0131\u011f\u0131 Malatya Ye\u015filyurt Belediyespor ile 2-2 berabere kald\u0131. M\u00fccadeleye 1-0 yenik ba\u015flayan ye\u015fil-beyazl\u0131 ekip, ikinci yar\u0131da buldu\u011fu iki golle \u00f6ne ge\u00e7ti. Ancak son dakikalarda yedi\u011fi golle sahadan 2-2\u2019lik e\u015fitlikle ayr\u0131ld\u0131. K\u0131r\u015fehirspor, bu sonu\u00e7la d\u0131\u015f sahadan 1 puanla d\u00f6nerken galibiyeti son anda [&hellip;]<\/p>\n","protected":false},"author":1,"featured_media":426,"comment_status":"open","ping_status":"open","sticky":false,"template":"","format":"standard","meta":{"footnotes":""},"categories":[4],"tags":[],"class_list":["post-425","post","type-post","status-publish","format-standard","has-post-thumbnail","hentry","category-spor"],"_links":{"self":[{"href":"https:\/\/www.kirsehirses.com\/index.php\/wp-json\/wp\/v2\/posts\/425","targetHints":{"allow":["GET"]}}],"collection":[{"href":"https:\/\/www.kirsehirses.com\/index.php\/wp-json\/wp\/v2\/posts"}],"about":[{"href":"https:\/\/www.kirsehirses.com\/index.php\/wp-json\/wp\/v2\/types\/post"}],"author":[{"embeddable":true,"href":"https:\/\/www.kirsehirses.com\/index.php\/wp-json\/wp\/v2\/users\/1"}],"replies":[{"embeddable":true,"href":"https:\/\/www.kirsehirses.com\/index.php\/wp-json\/wp\/v2\/comments?post=425"}],"version-history":[{"count":1,"href":"https:\/\/www.kirsehirses.com\/index.php\/wp-json\/wp\/v2\/posts\/425\/revisions"}],"predecessor-version":[{"id":427,"href":"https:\/\/www.kirsehirses.com\/index.php\/wp-json\/wp\/v2\/posts\/425\/revisions\/427"}],"wp:featuredmedia":[{"embeddable":true,"href":"https:\/\/www.kirsehirses.com\/index.php\/wp-json\/wp\/v2\/media\/426"}],"wp:attachment":[{"href":"https:\/\/www.kirsehirses.com\/index.php\/wp-json\/wp\/v2\/media?parent=425"}],"wp:term":[{"taxonomy":"category","embeddable":true,"href":"https:\/\/www.kirsehirses.com\/index.php\/wp-json\/wp\/v2\/categories?post=425"},{"taxonomy":"post_tag","embeddable":true,"href":"https:\/\/www.kirsehirses.com\/index.php\/wp-json\/wp\/v2\/tags?post=425"}],"curies":[{"name":"wp","href":"https:\/\/api.w.org\/{rel}","templated":true}]}}