{"id":440,"date":"2025-09-30T02:07:59","date_gmt":"2025-09-29T23:07:59","guid":{"rendered":"https:\/\/www.kirsehirses.com\/?p=440"},"modified":"2025-10-12T21:22:51","modified_gmt":"2025-10-12T18:22:51","slug":"440","status":"publish","type":"post","link":"https:\/\/www.kirsehirses.com\/index.php\/2025\/09\/30\/440\/","title":{"rendered":"Ahilik Haftas\u0131\u2019ndan K\u00fclt\u00fcr Yolu\u2019na: K\u0131r\u015fehir \u0130\u00e7in Yeni Bir Ufuk\u00a0"},"content":{"rendered":"<p><strong>Ahilik Haftas\u0131\u2019ndan K\u00fclt\u00fcr Yolu\u2019na: K\u0131r\u015fehir \u0130\u00e7in Yeni Bir Ufuk\u00a0<\/strong><\/p>\n<p><span style=\"font-weight: 400;\">K\u0131r\u015fehir\u2019de bu y\u0131l 38.\u2019si d\u00fczenlenen Ahilik Haftas\u0131, k\u00fclt\u00fcrel miras\u0131m\u0131za yak\u0131\u015f\u0131r bi\u00e7imde co\u015fkuyla kutland\u0131. Sempozyum ve paneller, konserler, gastronomi, sergiler, Kitap ve kad\u0131n kooperatifleri fuar\u0131, anma programlar\u0131 ve uluslararas\u0131 d\u00fczeyde kat\u0131l\u0131mlarla dolu dolu ge\u00e7en bir hafta geride kald\u0131. Bu etkinliklerin tamam\u0131nda, K\u0131r\u015fehir\u2019in ta\u015f\u0131d\u0131\u011f\u0131 kadim miras bir kez daha hat\u0131rland\u0131, sahiplenildi.<\/span><\/p>\n<p><span style=\"font-weight: 400;\">\u00a0Ahilik, yaln\u0131zca esnafa dair bir \u00f6\u011freti de\u011fil; d\u00fcr\u00fcstl\u00fc\u011f\u00fc, karde\u015fli\u011fi ve adaletli payla\u015f\u0131m\u0131 esas alan bir ya\u015fam bi\u00e7imidir. \u0130\u015fte bu anlay\u0131\u015f, K\u0131r\u015fehir\u2019in ruhunu yans\u0131tan temel de\u011ferlerdendir.<\/span><\/p>\n<p><span style=\"font-weight: 400;\"><strong>Yaz\u0131m\u0131n ba\u015f\u0131nda etkinlikle ilgili g\u00f6r\u00fc\u015flerimi ifade etmek isterim:<\/strong> Ahilik programlar\u0131n\u0131n haz\u0131rlanmas\u0131nda ve uygulanmas\u0131nda etkin olarak en az 20 y\u0131l g\u00f6rev alan birisi olarak s\u00f6yl\u00fcyorum ki; ger\u00e7ekten 38. Ahilik Haftas\u0131 g\u00fczel haz\u0131rlanm\u0131\u015f ve dolu dolu ge\u00e7en bir etkinlik oldu.<\/span><\/p>\n<p><span style=\"font-weight: 400;\">\u00d6ncelikle Ahili\u011fin ve K\u0131r\u015fehir\u2019in tan\u0131t\u0131m\u0131 noktas\u0131nda b\u00fcy\u00fck mesafe al\u0131nd\u0131. Ahilik Haftas\u0131 Merkez Y\u00fcr\u00fctme Kurulunda \u00fcye olan ve \u015fimdiye kadar birka\u00e7 belgesel \u00e7ekiminin d\u0131\u015f\u0131nda katk\u0131 sunmayan TRT bu y\u0131l b\u00fcy\u00fck bir g\u00f6rev \u00fcstlendi. Hem\u015fehrimiz Prof. Dr. \u0130lhan \u015eahin\u2019in\u00a0 <strong>Pelin \u00c7ift ile G\u00fcndem \u00d6tesi<\/strong>\u00a0program\u0131nda yapt\u0131\u011f\u0131 a\u00e7\u0131klamalar ve bu program\u0131n yay\u0131n\u0131 \u00f6ncesi yap\u0131lan tan\u0131t\u0131m reklam\u0131 \u00fclkemiz genelinde g\u00fcndem oldu. Yine TRT sanat\u00e7\u0131lar\u0131n\u0131n kat\u0131ld\u0131\u011f\u0131 konserin canl\u0131 yay\u0131nlanmas\u0131 \u00e7ok \u00f6nemliydi. Hele TRT\u2019nin sevilen dizisi G\u00f6n\u00fcl Da\u011f\u0131\u2019nda 38. Ahilik Haftas\u0131n\u0131n konu edilmesi\u00a0 tan\u0131t\u0131m\u0131 adeta zirveye ta\u015f\u0131d\u0131. Valilik\u00e7e sosyal medyada yap\u0131lan payla\u015f\u0131mlar da son derece g\u00fczel ve etkileyici idi.<\/span><\/p>\n<p><span style=\"font-weight: 400;\">Tabii, uzun s\u00fcreli festival ve programlar\u0131n konserler, g\u00f6steriler ve gastronomi ile zenginle\u015ftirilmesi halk\u0131n ilgisini \u00e7ekmek ad\u0131na \u00f6nem arz etmektedir. Hatta g\u00f6revde oldu\u011fum y\u0131llarda Masterchef isimli program\u0131n K\u0131r\u015fehir\u2019de \u00e7ekimi i\u00e7in giri\u015fimlerde bulunduk ama ba\u015far\u0131l\u0131 olamad\u0131k. \u00d6n\u00fcm\u00fczdeki y\u0131l\u0131n program\u0131 haz\u0131rlan\u0131rken bu se\u00e7enek mutlaka de\u011ferlendirilmelidir. B\u00f6l\u00fcm \u00e7ekimi m\u00fcmk\u00fcn olmaz ise \u015feflerden birisi yap\u0131lan yemek yar\u0131\u015fmas\u0131na juri \u00fcyesi olarak getirilmelidir.\u00a0 Baz\u0131 arkada\u015flar\u0131m\u0131z\u0131n Ahi Pilav ikram\u0131 ve d\u00fczenlenen konserlere getirdikleri ele\u015ftirilere sayg\u0131 duymakla birlikte, kat\u0131lmad\u0131\u011f\u0131m\u0131 ifade etmek istiyorum.<\/span><\/p>\n<p><span style=\"font-weight: 400;\">Ahilik Haftas\u0131n\u0131n haz\u0131rlanmas\u0131nda eme\u011fi ge\u00e7en Ticaret Bakan\u0131m\u0131z \u00d6mer Bolat\u2019\u0131n \u015fahs\u0131nda Bakanl\u0131k \u00e7al\u0131\u015fanlar\u0131na, t\u00fcm programlar\u0131 yak\u0131ndan takip eden K\u0131r\u015fehir Valimiz Murat Sefa Demiry\u00fcrek\u2019in \u015fahs\u0131nda K\u0131r\u015fehir\u2019de g\u00f6rev alan kurum amirleri ve \u00e7al\u0131\u015fanlar\u0131na, Milletvekilimiz Necmettin Erkan\u2019a, TRT Genel M\u00fcd\u00fcr\u00fcm\u00fcze, Ahi Evran \u00dcniversitemize, g\u00f6rev alan merkezi ve yerel t\u00fcm kurumlara, bu i\u015fin maddi boyutuna en b\u00fcy\u00fck katk\u0131y\u0131 sunan TOBB, TESK, TESKOMB ile K\u0131r\u015fehir\u2019deki Ticaret ve Esnaf odalar\u0131n\u0131n ba\u015fkanlar\u0131na ve \u00e7al\u0131\u015fanlar\u0131na, k\u0131sacas\u0131 g\u00f6rev alan ve programlara kat\u0131l\u0131m sa\u011flayan herkese \u015f\u00fckranlar\u0131m\u0131 sunuyorum.<\/span><\/p>\n<p><img loading=\"lazy\" decoding=\"async\" class=\"alignnone size-full wp-image-441\" src=\"https:\/\/www.kirsehirses.com\/wp-content\/uploads\/2025\/09\/Ekran-goruntusu-2025-09-30-020213.png\" alt=\"\" width=\"1400\" height=\"263\" srcset=\"https:\/\/www.kirsehirses.com\/wp-content\/uploads\/2025\/09\/Ekran-goruntusu-2025-09-30-020213.png 1400w, https:\/\/www.kirsehirses.com\/wp-content\/uploads\/2025\/09\/Ekran-goruntusu-2025-09-30-020213-300x56.png 300w, https:\/\/www.kirsehirses.com\/wp-content\/uploads\/2025\/09\/Ekran-goruntusu-2025-09-30-020213-1024x192.png 1024w, https:\/\/www.kirsehirses.com\/wp-content\/uploads\/2025\/09\/Ekran-goruntusu-2025-09-30-020213-768x144.png 768w\" sizes=\"auto, (max-width: 1400px) 100vw, 1400px\" \/><\/p>\n<p><span style=\"font-weight: 400;\">Te\u015fekk\u00fcr fasl\u0131ndan sonra kutlamalar kapsam\u0131nda bu topraklar\u0131n yeti\u015ftirdi\u011fi iki b\u00fcy\u00fck isim de unutulmad\u0131. Bozk\u0131r\u0131n Tezenesi Ne\u015fet Erta\u015f, vefat g\u00fcn\u00fc olan 25 Eyl\u00fcl\u2019de hem mezar\u0131 ba\u015f\u0131nda hem Cacabey meydan\u0131nda hem de G\u00f6n\u00fcl Da\u011f\u0131&#8217;n\u0131n zirvesinde 40 saz e\u015fli\u011finde an\u0131ld\u0131. Bug\u00fcn ise g\u00f6n\u00fcl eri Yunus Emre K\u0131r\u015fehir ve Aksaray Valiliklerince haz\u0131rlanan ortak programla Ziyarettepe\u2019de mezar\u0131 ba\u015f\u0131nda dualarla y\u00e2d edilecek.<\/span><\/p>\n<p><strong>B\u00f6ylesine g\u00fc\u00e7l\u00fc bir k\u00fclt\u00fcrel yo\u011funluk, K\u0131r\u015fehir\u2019e sadece ge\u00e7mi\u015fin de\u011fil, gelece\u011fin de sorumlulu\u011funu y\u00fckl\u00fcyor.<\/strong><\/p>\n<p><span style=\"font-weight: 400;\">Tam da bu noktada, K\u00fclt\u00fcr ve Turizm Bakanl\u0131\u011f\u0131\u2019n\u0131n her ge\u00e7en y\u0131l kapsam\u0131n\u0131 geni\u015fletti\u011fi <strong>K\u00fclt\u00fcr Yolu Festivalleri<\/strong>\u00a0K\u0131r\u015fehir i\u00e7in de\u011ferlendirilmesi gereken \u00f6nemli bir f\u0131rsatt\u0131r.<\/span><\/p>\n<p><span style=\"font-weight: 400;\">2025 y\u0131l\u0131nda, K\u00fclt\u00fcr Yolu Festivali kapsam\u0131ndaki \u015fehir say\u0131s\u0131 20\u2019ye y\u00fckseldi. Bu \u015fehirler aras\u0131nda Adana, Mardin, Manisa, \u015eanl\u0131urfa, Samsun, Bursa, Trabzon, Van, Nev\u015fehir, Erzurum, \u00c7anakkale, Kayseri, Gaziantep, Ankara, Konya, \u0130stanbul, Malatya, Diyarbak\u0131r, \u0130zmir ve Antalya yer al\u0131yor. Yap\u0131lan bu festivaller zincirine, 2026\u2019da Ayd\u0131n, Eski\u015fehir, Mersin, Kahramanmara\u015f, Ordu ve Sakarya gibi iller de eklenerek \u015fehir say\u0131s\u0131 26\u2018ya, 2027\u2019de ise Bal\u0131kesir, Denizli, Hatay, Kocaeli, Mu\u011fla ve Tekirda\u011f\u2019\u0131n kat\u0131l\u0131m\u0131yla say\u0131 32\u2019ye ula\u015facak. <strong>Neden bu zincirde K\u0131r\u015fehir de yer almas\u0131n?<\/strong><\/span><\/p>\n<p><span style=\"font-weight: 400;\">Ahilik, Ne\u015fet Erta\u015f, Yunus Emre\u2026 Sadece bu \u00fc\u00e7 isim bile K\u0131r\u015fehir\u2019in K\u00fclt\u00fcr Yolu kapsam\u0131na al\u0131nmas\u0131 i\u00e7in fazlas\u0131yla g\u00fc\u00e7l\u00fc gerek\u00e7elerdir. Ayr\u0131ca K\u0131r\u015fehir\u2019in UNESCO M\u00fczik \u015eehri olmas\u0131, zengin k\u00fclt\u00fcr\u00fc ve sahip oldu\u011fu tarihi eserler, mutfa\u011f\u0131 ve misafirperverli\u011fiyle de bu festivale benzersiz katk\u0131 sunaca\u011f\u0131 a\u00e7\u0131kt\u0131r.<\/span><\/p>\n<p><span style=\"font-weight: 400;\">\u0130\u015fte bu noktada g\u00f6rev, \u015fehir y\u00f6neticileri, siyaset\u00e7iler, STK\u2019lar ve kanaat \u00f6nderlerine d\u00fc\u015f\u00fcyor.\u00a0 K\u00fclt\u00fcr Yolu Festivali gibi prestijli bir organizasyona d\u00e2hil olabilmek i\u00e7in siyaseti, k\u0131s\u0131r \u00e7eki\u015fmeyi bir kenara b\u0131rakarak koordineli ve kararl\u0131 bir \u00e7al\u0131\u015fma gerekiyor. Yap\u0131lacak \u00e7al\u0131\u015fmaya muhalefete mensup siyaset\u00e7ilerin de destek verece\u011fine inan\u0131yorum. K\u0131r\u015fehir Valimiz Murat Sefa Demiry\u00fcrek bu birlikteli\u011fi sa\u011flayacak konumdad\u0131r.\u00a0<\/span><\/p>\n<p><span style=\"font-weight: 400;\">Daha \u00f6nce bu konuda giri\u015fimde bulunmak i\u00e7in bir fikir olu\u015ftu ama s\u00fcre\u00e7 maalesef akamete u\u011frad\u0131. Bu arzu sadece K\u00fclt\u00fcr ve Turizm Bakanl\u0131\u011f\u0131na yaz\u0131 yazmakla s\u0131n\u0131rl\u0131 kald\u0131. Hepimiz biliyoruz ki yaz\u0131 yazmakla b\u00f6ylesine \u00f6nemli i\u015flerde sonu\u00e7 almak m\u00fcmk\u00fcn de\u011fil. \u00d6nce \u015fehirde birliktelik sa\u011flamak ve konuyu Bakanl\u0131k nezdinde s\u0131k\u0131 takip etmek gerekiyor.\u00a0\u00a0\u00a0\u00a0<\/span><\/p>\n<p><span style=\"font-weight: 400;\">Burada \u00f6zellikle iktidar partisi Milletvekili Necmettin Erkan\u2019a b\u00fcy\u00fck g\u00f6rev d\u00fc\u015f\u00fcyor. K\u0131r\u015fehir\u2019in bu talebini en \u00fcst noktaya ta\u015f\u0131ma kabiliyeti oldu\u011funu en iyi bilenlerdenim. Ayr\u0131ca TRT\u2019nin Ahilik konulu film \u00e7ekmesi ve Devlet Tiyatrolar\u0131n\u0131n oyun haz\u0131rlamas\u0131 konusunda da m\u00fcjdesini bekliyoruz. K\u00fclt\u00fcr ve Turizm Bakan Yard\u0131mc\u0131s\u0131 Nadir Alparslan\u2019\u0131n bu s\u00fcre\u00e7te K\u0131r\u015fehir ad\u0131na \u00f6nemli bir avantaj olaca\u011f\u0131 unutulmamal\u0131d\u0131r. \u00d6zellikle\u00a0 Cumhurba\u015fkan\u0131m\u0131z Say\u0131n Recep Tayyip Erdo\u011fan\u2019\u0131n Ahili\u011fe olan ilgisi, saz\u0131n ve s\u00f6z\u00fcn \u00fcstad\u0131 Ne\u015fet Erta\u015f\u2019a olan muhabbeti hedefe ula\u015fmam\u0131z\u0131 kolayla\u015ft\u0131racakt\u0131r. Yeter ki yola \u00e7\u0131kal\u0131m gerisi gelecektir.\u00a0\u00a0<\/span><\/p>\n<p><span style=\"font-weight: 400;\">Elbette bu t\u00fcr b\u00fcy\u00fck organizasyonlara dahil olmak zaman alabilir. Ancak bu s\u00fcre zarf\u0131nda farkl\u0131 alternatifler de de\u011ferlendirilebilir. \u00d6rne\u011fin bu y\u0131l ilk kez Hakk\u00e2ri, \u015e\u0131rnak, Bitlis, Tunceli ve Bing\u00f6l\u2019de hayata ge\u00e7irilen <strong>Bir Anadolu \u015eenli\u011fi<\/strong>\u00a0modeli&#8230; 2026 y\u0131l\u0131nda bu \u015fenli\u011fin kapsam\u0131n\u0131n geni\u015fletilmesi i\u00e7in \u00e7al\u0131\u015fmalar y\u00fcr\u00fct\u00fcl\u00fcyor. K\u0131r\u015fehir, K\u00fclt\u00fcr Yolu Festivali kapsam\u0131na al\u0131n\u0131ncaya kadar ge\u00e7ici olarak bu yap\u0131n\u0131n i\u00e7erisinde k\u00fclt\u00fcrel varl\u0131\u011f\u0131n\u0131 daha geni\u015f kitlelere tan\u0131tabilir.<\/span><\/p>\n<p><span style=\"font-weight: 400;\">Sonu\u00e7 olarak:\u00a0\u00a0<\/span><\/p>\n<ol start=\"38\">\n<li><span style=\"font-weight: 400;\"> Ahilik Haftas\u0131, K\u0131r\u015fehir\u2019in sahip oldu\u011fu derin k\u00fclt\u00fcrel miras\u0131 bir kez daha g\u00f6zler \u00f6n\u00fcne serdi. Ancak bu de\u011ferlerin y\u0131lda bir kez hat\u0131rlan\u0131p unutulmamas\u0131 gerekir. Kal\u0131c\u0131, kurumsal, s\u00fcrd\u00fcr\u00fclebilir ad\u0131mlar at\u0131lmal\u0131 ve bu miras gelecek nesillere etkin bi\u00e7imde aktar\u0131lmal\u0131d\u0131r.<\/span><\/li>\n<\/ol>\n<p><span style=\"font-weight: 400;\">K\u0131r\u015fehir bunu fazlas\u0131yla hak ediyor. Yeter ki biz birlikte d\u00fc\u015f\u00fcnelim, birlikte hareket edelim. \u00c7\u00fcnk\u00fc bu \u015fehir; Ahilik ruhuyla yo\u011frulmu\u015f, Ne\u015fet Erta\u015f\u2019\u0131n saz\u0131yla tan\u0131nm\u0131\u015f, A\u015f\u0131k Pa\u015fa\u2019n\u0131n, G\u00fcl\u015fehri\u2019nin, Yunus Emre\u2019nin diliyle konu\u015fmu\u015f bir \u015fehirdir.<\/span><\/p>\n<p><span style=\"font-weight: 400;\">Ve bu \u015fehir, k\u00fclt\u00fcr\u00fcn yolu \u00fczerinde olmay\u0131 \u00e7oktan hak etmi\u015ftir.<\/span><\/p>\n","protected":false},"excerpt":{"rendered":"<p>Ahilik Haftas\u0131\u2019ndan K\u00fclt\u00fcr Yolu\u2019na: K\u0131r\u015fehir \u0130\u00e7in Yeni Bir Ufuk\u00a0 K\u0131r\u015fehir\u2019de bu y\u0131l 38.\u2019si d\u00fczenlenen Ahilik Haftas\u0131, k\u00fclt\u00fcrel miras\u0131m\u0131za yak\u0131\u015f\u0131r bi\u00e7imde co\u015fkuyla kutland\u0131. Sempozyum ve paneller, konserler, gastronomi, sergiler, Kitap ve kad\u0131n kooperatifleri fuar\u0131, anma programlar\u0131 ve uluslararas\u0131 d\u00fczeyde kat\u0131l\u0131mlarla dolu dolu ge\u00e7en bir hafta geride kald\u0131. Bu etkinliklerin tamam\u0131nda, K\u0131r\u015fehir\u2019in ta\u015f\u0131d\u0131\u011f\u0131 kadim miras bir kez [&hellip;]<\/p>\n","protected":false},"author":1,"featured_media":442,"comment_status":"open","ping_status":"open","sticky":false,"template":"","format":"standard","meta":{"footnotes":""},"categories":[8],"tags":[],"class_list":["post-440","post","type-post","status-publish","format-standard","has-post-thumbnail","hentry","category-kirsehir"],"_links":{"self":[{"href":"https:\/\/www.kirsehirses.com\/index.php\/wp-json\/wp\/v2\/posts\/440","targetHints":{"allow":["GET"]}}],"collection":[{"href":"https:\/\/www.kirsehirses.com\/index.php\/wp-json\/wp\/v2\/posts"}],"about":[{"href":"https:\/\/www.kirsehirses.com\/index.php\/wp-json\/wp\/v2\/types\/post"}],"author":[{"embeddable":true,"href":"https:\/\/www.kirsehirses.com\/index.php\/wp-json\/wp\/v2\/users\/1"}],"replies":[{"embeddable":true,"href":"https:\/\/www.kirsehirses.com\/index.php\/wp-json\/wp\/v2\/comments?post=440"}],"version-history":[{"count":2,"href":"https:\/\/www.kirsehirses.com\/index.php\/wp-json\/wp\/v2\/posts\/440\/revisions"}],"predecessor-version":[{"id":544,"href":"https:\/\/www.kirsehirses.com\/index.php\/wp-json\/wp\/v2\/posts\/440\/revisions\/544"}],"wp:featuredmedia":[{"embeddable":true,"href":"https:\/\/www.kirsehirses.com\/index.php\/wp-json\/wp\/v2\/media\/442"}],"wp:attachment":[{"href":"https:\/\/www.kirsehirses.com\/index.php\/wp-json\/wp\/v2\/media?parent=440"}],"wp:term":[{"taxonomy":"category","embeddable":true,"href":"https:\/\/www.kirsehirses.com\/index.php\/wp-json\/wp\/v2\/categories?post=440"},{"taxonomy":"post_tag","embeddable":true,"href":"https:\/\/www.kirsehirses.com\/index.php\/wp-json\/wp\/v2\/tags?post=440"}],"curies":[{"name":"wp","href":"https:\/\/api.w.org\/{rel}","templated":true}]}}