{"id":444,"date":"2025-10-01T03:33:58","date_gmt":"2025-10-01T00:33:58","guid":{"rendered":"https:\/\/www.kirsehirses.com\/?p=444"},"modified":"2025-10-01T03:33:58","modified_gmt":"2025-10-01T00:33:58","slug":"yunus-emre-turbesi-basinda-anildi","status":"publish","type":"post","link":"https:\/\/www.kirsehirses.com\/index.php\/2025\/10\/01\/yunus-emre-turbesi-basinda-anildi\/","title":{"rendered":"Yunus Emre, T\u00fcrbesi Ba\u015f\u0131nda An\u0131ld\u0131"},"content":{"rendered":"<p><strong>Yunus Emre, T\u00fcrbesi Ba\u015f\u0131nda An\u0131ld\u0131<\/strong><\/p>\n<p>B\u00fcy\u00fck T\u00fcrk mutasavv\u0131f\u0131, halk \u015fairi ve g\u00f6n\u00fcl eri Yunus Emre, K\u0131r\u015fehir\u2019in Ulup\u0131nar K\u00f6y\u00fc Ziyarettepe Mevkii&#8217;nde bulunan t\u00fcrbesi ba\u015f\u0131nda d\u00fczenlenen t\u00f6renle an\u0131ld\u0131.<\/p>\n<p>K\u0131r\u015fehir ve Aksaray Valiliklerinin i\u015f birli\u011fiyle ger\u00e7ekle\u015ftirilen anma t\u00f6renine \u00e7ok say\u0131da vatanda\u015f\u0131n yan\u0131 s\u0131ra protokol \u00fcyeleri de kat\u0131ld\u0131.<\/p>\n<p>\u0130T\u00f6rende konu\u015fan K\u0131r\u015fehir Valisi Murat Sefa Demiry\u00fcrek, Yunus Emre\u2019nin Anadolu\u2019nun birle\u015ftirici g\u00fcc\u00fc oldu\u011funu vurgulad\u0131.<\/p>\n<p>Vali Demiry\u00fcrek, konu\u015fmas\u0131nda \u015funlar\u0131 kaydetti:<br \/>\n\u201cYunus Emre yaln\u0131zca bir \u015fair de\u011fil, insanl\u0131\u011f\u0131n \u00f6z\u00fcn\u00fc yakalam\u0131\u015f bir bilgedir. O, \u015fiirlerinde insan sevgisini, karde\u015fli\u011fi, ho\u015fg\u00f6r\u00fcy\u00fc en yal\u0131n haliyle dile getirmi\u015ftir. T\u00fcrk\u00e7enin bir edebiyat dili olarak yerle\u015fmesinde b\u00fcy\u00fck katk\u0131s\u0131 olan Yunus Emre, \u00e7a\u011flar \u00fcst\u00fc mesajlar\u0131yla bizleri bug\u00fcn de ortak bir vicdanla d\u00fc\u015f\u00fcnmeye davet etmektedir.\u201d<\/p>\n<p>Anma t\u00f6reninde Yunus Emre \u015fiirleri okundu, temsili Yunus Emre taraf\u0131ndan kat\u0131l\u0131mc\u0131lara al\u0131\u00e7 ikram edildi.<\/p>\n<p>Protokol\u00fcn h\u0131rka giydi\u011fi y\u00fcr\u00fcy\u00fc\u015f\u00fcn ard\u0131ndan etkinlik \u00c7ilehane ziyaretiyle sona erdi.<\/p>\n<p><img loading=\"lazy\" decoding=\"async\" class=\"alignnone size-full wp-image-445\" src=\"https:\/\/www.kirsehirses.com\/wp-content\/uploads\/2025\/10\/WhatsApp-Gorsel-2025-09-30-saat-17.26.11_c36b599e.jpg\" alt=\"\" width=\"1170\" height=\"658\" srcset=\"https:\/\/www.kirsehirses.com\/wp-content\/uploads\/2025\/10\/WhatsApp-Gorsel-2025-09-30-saat-17.26.11_c36b599e.jpg 1170w, https:\/\/www.kirsehirses.com\/wp-content\/uploads\/2025\/10\/WhatsApp-Gorsel-2025-09-30-saat-17.26.11_c36b599e-300x169.jpg 300w, https:\/\/www.kirsehirses.com\/wp-content\/uploads\/2025\/10\/WhatsApp-Gorsel-2025-09-30-saat-17.26.11_c36b599e-1024x576.jpg 1024w, https:\/\/www.kirsehirses.com\/wp-content\/uploads\/2025\/10\/WhatsApp-Gorsel-2025-09-30-saat-17.26.11_c36b599e-768x432.jpg 768w\" sizes=\"auto, (max-width: 1170px) 100vw, 1170px\" \/><\/p>\n","protected":false},"excerpt":{"rendered":"<p>Yunus Emre, T\u00fcrbesi Ba\u015f\u0131nda An\u0131ld\u0131 B\u00fcy\u00fck T\u00fcrk mutasavv\u0131f\u0131, halk \u015fairi ve g\u00f6n\u00fcl eri Yunus Emre, K\u0131r\u015fehir\u2019in Ulup\u0131nar K\u00f6y\u00fc Ziyarettepe Mevkii&#8217;nde bulunan t\u00fcrbesi ba\u015f\u0131nda d\u00fczenlenen t\u00f6renle an\u0131ld\u0131. K\u0131r\u015fehir ve Aksaray Valiliklerinin i\u015f birli\u011fiyle ger\u00e7ekle\u015ftirilen anma t\u00f6renine \u00e7ok say\u0131da vatanda\u015f\u0131n yan\u0131 s\u0131ra protokol \u00fcyeleri de kat\u0131ld\u0131. \u0130T\u00f6rende konu\u015fan K\u0131r\u015fehir Valisi Murat Sefa Demiry\u00fcrek, Yunus Emre\u2019nin Anadolu\u2019nun birle\u015ftirici [&hellip;]<\/p>\n","protected":false},"author":1,"featured_media":445,"comment_status":"open","ping_status":"open","sticky":false,"template":"","format":"standard","meta":{"footnotes":""},"categories":[8],"tags":[],"class_list":["post-444","post","type-post","status-publish","format-standard","has-post-thumbnail","hentry","category-kirsehir"],"_links":{"self":[{"href":"https:\/\/www.kirsehirses.com\/index.php\/wp-json\/wp\/v2\/posts\/444","targetHints":{"allow":["GET"]}}],"collection":[{"href":"https:\/\/www.kirsehirses.com\/index.php\/wp-json\/wp\/v2\/posts"}],"about":[{"href":"https:\/\/www.kirsehirses.com\/index.php\/wp-json\/wp\/v2\/types\/post"}],"author":[{"embeddable":true,"href":"https:\/\/www.kirsehirses.com\/index.php\/wp-json\/wp\/v2\/users\/1"}],"replies":[{"embeddable":true,"href":"https:\/\/www.kirsehirses.com\/index.php\/wp-json\/wp\/v2\/comments?post=444"}],"version-history":[{"count":1,"href":"https:\/\/www.kirsehirses.com\/index.php\/wp-json\/wp\/v2\/posts\/444\/revisions"}],"predecessor-version":[{"id":447,"href":"https:\/\/www.kirsehirses.com\/index.php\/wp-json\/wp\/v2\/posts\/444\/revisions\/447"}],"wp:featuredmedia":[{"embeddable":true,"href":"https:\/\/www.kirsehirses.com\/index.php\/wp-json\/wp\/v2\/media\/445"}],"wp:attachment":[{"href":"https:\/\/www.kirsehirses.com\/index.php\/wp-json\/wp\/v2\/media?parent=444"}],"wp:term":[{"taxonomy":"category","embeddable":true,"href":"https:\/\/www.kirsehirses.com\/index.php\/wp-json\/wp\/v2\/categories?post=444"},{"taxonomy":"post_tag","embeddable":true,"href":"https:\/\/www.kirsehirses.com\/index.php\/wp-json\/wp\/v2\/tags?post=444"}],"curies":[{"name":"wp","href":"https:\/\/api.w.org\/{rel}","templated":true}]}}