{"id":448,"date":"2025-10-02T19:56:44","date_gmt":"2025-10-02T16:56:44","guid":{"rendered":"https:\/\/www.kirsehirses.com\/?p=448"},"modified":"2025-10-02T19:56:44","modified_gmt":"2025-10-02T16:56:44","slug":"aksarayda-trafik-kazasi-2-asker-sehit-1-kisi-hayatini-kaybetti","status":"publish","type":"post","link":"https:\/\/www.kirsehirses.com\/index.php\/2025\/10\/02\/aksarayda-trafik-kazasi-2-asker-sehit-1-kisi-hayatini-kaybetti\/","title":{"rendered":"Aksaray\u2019da Trafik Kazas\u0131: 2 Asker \u015eehit, 1 Ki\u015fi Hayat\u0131n\u0131 Kaybetti"},"content":{"rendered":"<p><strong>Aksaray\u2019da Trafik Kazas\u0131: 2 Asker \u015eehit, 1 Ki\u015fi Hayat\u0131n\u0131 Kaybetti<\/strong><\/p>\n<p>Aksaray\u2019da meydana gelen trafik kazas\u0131nda iki jandarma personeli \u015fehit oldu, bir ki\u015fi ya\u015fam\u0131n\u0131 yitirdi.<\/p>\n<p>Edinilen bilgilere g\u00f6re, Ankara &#8211; Ni\u011fde Otoyolu\u2019nun Ortak\u00f6y il\u00e7esi yak\u0131nlar\u0131nda seyir halinde olan bir minib\u00fcs, ayn\u0131 y\u00f6nde ilerleyen jandarma arac\u0131na arkadan \u00e7arpt\u0131.<\/p>\n<p>Kazada, jandarma arac\u0131ndaki bir asker olay yerinde \u015fehit olurken, minib\u00fcsteki bir yolcu hayat\u0131n\u0131 kaybetti. Yaral\u0131 olarak hastaneye kald\u0131r\u0131lan bir asker de yap\u0131lan t\u00fcm m\u00fcdahalelere ra\u011fmen kurtar\u0131lamad\u0131. Olayda yaralanan \u00fc\u00e7 ki\u015fi ise Aksaray E\u011fitim ve Ara\u015ft\u0131rma Hastanesi\u2019nde tedavi alt\u0131na al\u0131nd\u0131.<\/p>\n<p>Bakanlardan Taziye Mesaj\u0131<\/p>\n<p>\u0130\u00e7i\u015fleri Bakan\u0131 Ali Yerlikaya sosyal medya hesab\u0131ndan yapt\u0131\u011f\u0131 payla\u015f\u0131mda, \u015fehit olan J.Asb.\u00c7v\u015f. Kemal \u00d6zg\u00fcr ve Uzm.J.VI.Kad.\u00c7v\u015f. Arif \u00d6zdemir i\u00e7in ba\u015fsa\u011fl\u0131\u011f\u0131 dileyerek, \u201cKahraman \u015fehitlerimizin makam\u0131 \u00e2li olsun\u201d ifadelerini kulland\u0131.<\/p>\n<p>Milli Savunma Bakanl\u0131\u011f\u0131 da yay\u0131mlad\u0131\u011f\u0131 mesajda, \u015fehitlere Allah\u2019tan rahmet, ailelerine ve yak\u0131nlar\u0131na sab\u0131r diledi.<\/p>\n<p>Vali Kumbuzo\u011flu\u2019ndan A\u00e7\u0131klama<\/p>\n<p>Aksaray Valisi Mehmet Ali Kumbuzo\u011flu, hastane \u00f6n\u00fcnde yapt\u0131\u011f\u0131 a\u00e7\u0131klamada kazan\u0131n, jandarma ekibinin emniyet \u015feridinde yapt\u0131\u011f\u0131 rutin kontrol s\u0131ras\u0131nda ya\u015fand\u0131\u011f\u0131n\u0131 belirterek, \u201c2 jandarma personelimiz \u015fehit olmu\u015ftur, bir vatanda\u015f\u0131m\u0131z vefat etmi\u015ftir. Yaral\u0131lar\u0131m\u0131z\u0131n tedavisi devam ediyor, ikisinin durumu a\u011f\u0131r\u201d dedi.<\/p>\n<p>Vali Kumbuzo\u011flu, olayla ilgili adli ve idari soru\u015fturman\u0131n s\u00fcrd\u00fc\u011f\u00fcn\u00fc de a\u00e7\u0131klad\u0131.<\/p>\n<p><img loading=\"lazy\" decoding=\"async\" class=\"alignnone size-full wp-image-449\" src=\"https:\/\/www.kirsehirses.com\/wp-content\/uploads\/2025\/10\/WhatsApp-Gorsel-2025-10-02-saat-02.09.47_f3159957.jpg\" alt=\"\" width=\"1022\" height=\"539\" srcset=\"https:\/\/www.kirsehirses.com\/wp-content\/uploads\/2025\/10\/WhatsApp-Gorsel-2025-10-02-saat-02.09.47_f3159957.jpg 1022w, https:\/\/www.kirsehirses.com\/wp-content\/uploads\/2025\/10\/WhatsApp-Gorsel-2025-10-02-saat-02.09.47_f3159957-300x158.jpg 300w, https:\/\/www.kirsehirses.com\/wp-content\/uploads\/2025\/10\/WhatsApp-Gorsel-2025-10-02-saat-02.09.47_f3159957-768x405.jpg 768w\" sizes=\"auto, (max-width: 1022px) 100vw, 1022px\" \/><\/p>\n","protected":false},"excerpt":{"rendered":"<p>Aksaray\u2019da Trafik Kazas\u0131: 2 Asker \u015eehit, 1 Ki\u015fi Hayat\u0131n\u0131 Kaybetti Aksaray\u2019da meydana gelen trafik kazas\u0131nda iki jandarma personeli \u015fehit oldu, bir ki\u015fi ya\u015fam\u0131n\u0131 yitirdi. Edinilen bilgilere g\u00f6re, Ankara &#8211; Ni\u011fde Otoyolu\u2019nun Ortak\u00f6y il\u00e7esi yak\u0131nlar\u0131nda seyir halinde olan bir minib\u00fcs, ayn\u0131 y\u00f6nde ilerleyen jandarma arac\u0131na arkadan \u00e7arpt\u0131. Kazada, jandarma arac\u0131ndaki bir asker olay yerinde \u015fehit olurken, [&hellip;]<\/p>\n","protected":false},"author":1,"featured_media":449,"comment_status":"open","ping_status":"open","sticky":false,"template":"","format":"standard","meta":{"footnotes":""},"categories":[5,7],"tags":[],"class_list":["post-448","post","type-post","status-publish","format-standard","has-post-thumbnail","hentry","category-gundem","category-turkiye"],"_links":{"self":[{"href":"https:\/\/www.kirsehirses.com\/index.php\/wp-json\/wp\/v2\/posts\/448","targetHints":{"allow":["GET"]}}],"collection":[{"href":"https:\/\/www.kirsehirses.com\/index.php\/wp-json\/wp\/v2\/posts"}],"about":[{"href":"https:\/\/www.kirsehirses.com\/index.php\/wp-json\/wp\/v2\/types\/post"}],"author":[{"embeddable":true,"href":"https:\/\/www.kirsehirses.com\/index.php\/wp-json\/wp\/v2\/users\/1"}],"replies":[{"embeddable":true,"href":"https:\/\/www.kirsehirses.com\/index.php\/wp-json\/wp\/v2\/comments?post=448"}],"version-history":[{"count":1,"href":"https:\/\/www.kirsehirses.com\/index.php\/wp-json\/wp\/v2\/posts\/448\/revisions"}],"predecessor-version":[{"id":450,"href":"https:\/\/www.kirsehirses.com\/index.php\/wp-json\/wp\/v2\/posts\/448\/revisions\/450"}],"wp:featuredmedia":[{"embeddable":true,"href":"https:\/\/www.kirsehirses.com\/index.php\/wp-json\/wp\/v2\/media\/449"}],"wp:attachment":[{"href":"https:\/\/www.kirsehirses.com\/index.php\/wp-json\/wp\/v2\/media?parent=448"}],"wp:term":[{"taxonomy":"category","embeddable":true,"href":"https:\/\/www.kirsehirses.com\/index.php\/wp-json\/wp\/v2\/categories?post=448"},{"taxonomy":"post_tag","embeddable":true,"href":"https:\/\/www.kirsehirses.com\/index.php\/wp-json\/wp\/v2\/tags?post=448"}],"curies":[{"name":"wp","href":"https:\/\/api.w.org\/{rel}","templated":true}]}}