{"id":454,"date":"2025-10-02T19:59:54","date_gmt":"2025-10-02T16:59:54","guid":{"rendered":"https:\/\/www.kirsehirses.com\/?p=454"},"modified":"2025-10-02T19:59:54","modified_gmt":"2025-10-02T16:59:54","slug":"iskur-iup-kapsaminda-kaeude-890-ogrenci-istihdam-edilecek","status":"publish","type":"post","link":"https:\/\/www.kirsehirses.com\/index.php\/2025\/10\/02\/iskur-iup-kapsaminda-kaeude-890-ogrenci-istihdam-edilecek\/","title":{"rendered":"\u0130\u015eKUR \u0130UP Kapsam\u0131nda KAE\u00dc\u2019de 890 \u00d6\u011frenci \u0130stihdam Edilecek"},"content":{"rendered":"<p><strong>\u0130\u015eKUR \u0130UP Kapsam\u0131nda KAE\u00dc\u2019de 890 \u00d6\u011frenci \u0130stihdam Edilecek<\/strong><\/p>\n<p>K\u0131r\u015fehir Ahi Evran \u00dcniversitesi, T\u00fcrkiye \u0130\u015f Kurumu (\u0130\u015eKUR) taraf\u0131ndan y\u00fcr\u00fct\u00fclen \u0130\u015fg\u00fcc\u00fc Uyum Program\u0131 (\u0130UP) kapsam\u0131nda bu y\u0131l 890 \u00f6\u011frencisine istihdam imk\u00e2n\u0131 sa\u011flayacak.<\/p>\n<p>\u00dcniversite \u00f6\u011frencilerinin i\u015f g\u00fcc\u00fc piyasas\u0131na daha aktif kat\u0131l\u0131m\u0131 ve deneyim kazanmalar\u0131 amac\u0131yla olu\u015fturulan \u0130\u015eKUR Gen\u00e7lik Platformu, ge\u00e7ti\u011fimiz y\u0131l uygulamaya konulmu\u015ftu. Program sayesinde \u00f6\u011frenciler, e\u011fitim g\u00f6rd\u00fckleri kamp\u00fcslerde hem kendilerini geli\u015ftirme f\u0131rsat\u0131 buluyor hem de gelir elde edebiliyor. Ge\u00e7ti\u011fimiz y\u0131l pek \u00e7ok \u00f6\u011frencinin faydaland\u0131\u011f\u0131 \u0130UP, bu y\u0131l da KAE\u00dc \u00f6\u011frencilerine \u00f6nemli bir destek sunacak.<\/p>\n<p>Konuya ili\u015fkin a\u00e7\u0131klamalarda bulunan K\u0131r\u015fehir Ahi Evran \u00dcniversitesi Rekt\u00f6r\u00fc Prof. Dr. Mustafa Kas\u0131m Karahocagil, \u00f6\u011frencilerin \u0130UP sayesinde hem mesleki becerilerini geli\u015ftirdiklerini hem de maddi olanak sa\u011flad\u0131klar\u0131n\u0131 ifade etti.<\/p>\n<p>Rekt\u00f6r Karahocagil a\u00e7\u0131klamas\u0131nda \u015fu ifadelere yer verdi:<br \/>\n\u201c\u00dcniversitemizde 890 \u00f6\u011frencimizin istihdam edilmesinde ve ilimize bu deste\u011fin kazand\u0131r\u0131lmas\u0131nda ba\u015fta Say\u0131n Cumhurba\u015fkan\u0131m\u0131z Recep Tayyip Erdo\u011fan olmak \u00fczere, \u00c7al\u0131\u015fma ve Sosyal G\u00fcvenlik Bakan\u0131m\u0131z Prof. Dr. Vedat I\u015f\u0131khan\u2019a ve K\u0131r\u015fehir\u2019imizin kalk\u0131nmas\u0131 ile \u00fcniversitemizin geli\u015fimi ad\u0131na \u00f6nemli \u00e7al\u0131\u015fmalar yapan K\u0131r\u015fehir Milletvekilimiz Necmettin Erkan\u2019a te\u015fekk\u00fcr ediyorum.\u201d<\/p>\n<p>\u0130\u015eKUR \u0130\u015fg\u00fcc\u00fc Uyum Program\u0131 ile K\u0131r\u015fehir Ahi Evran \u00dcniversitesi \u00f6\u011frencileri, \u00f6\u011frenimleri devam ederken i\u015f hayat\u0131na dair \u00f6nemli deneyimler kazanma \u015fans\u0131na sahip olacak.<\/p>\n<p><img loading=\"lazy\" decoding=\"async\" class=\"alignnone size-full wp-image-455\" src=\"https:\/\/www.kirsehirses.com\/wp-content\/uploads\/2025\/10\/WhatsApp-Gorsel-2025-10-02-saat-02.31.29_ea5bd0d3.jpg\" alt=\"\" width=\"1600\" height=\"900\" srcset=\"https:\/\/www.kirsehirses.com\/wp-content\/uploads\/2025\/10\/WhatsApp-Gorsel-2025-10-02-saat-02.31.29_ea5bd0d3.jpg 1600w, https:\/\/www.kirsehirses.com\/wp-content\/uploads\/2025\/10\/WhatsApp-Gorsel-2025-10-02-saat-02.31.29_ea5bd0d3-300x169.jpg 300w, https:\/\/www.kirsehirses.com\/wp-content\/uploads\/2025\/10\/WhatsApp-Gorsel-2025-10-02-saat-02.31.29_ea5bd0d3-1024x576.jpg 1024w, https:\/\/www.kirsehirses.com\/wp-content\/uploads\/2025\/10\/WhatsApp-Gorsel-2025-10-02-saat-02.31.29_ea5bd0d3-768x432.jpg 768w, https:\/\/www.kirsehirses.com\/wp-content\/uploads\/2025\/10\/WhatsApp-Gorsel-2025-10-02-saat-02.31.29_ea5bd0d3-1536x864.jpg 1536w\" sizes=\"auto, (max-width: 1600px) 100vw, 1600px\" \/><\/p>\n","protected":false},"excerpt":{"rendered":"<p>\u0130\u015eKUR \u0130UP Kapsam\u0131nda KAE\u00dc\u2019de 890 \u00d6\u011frenci \u0130stihdam Edilecek K\u0131r\u015fehir Ahi Evran \u00dcniversitesi, T\u00fcrkiye \u0130\u015f Kurumu (\u0130\u015eKUR) taraf\u0131ndan y\u00fcr\u00fct\u00fclen \u0130\u015fg\u00fcc\u00fc Uyum Program\u0131 (\u0130UP) kapsam\u0131nda bu y\u0131l 890 \u00f6\u011frencisine istihdam imk\u00e2n\u0131 sa\u011flayacak. \u00dcniversite \u00f6\u011frencilerinin i\u015f g\u00fcc\u00fc piyasas\u0131na daha aktif kat\u0131l\u0131m\u0131 ve deneyim kazanmalar\u0131 amac\u0131yla olu\u015fturulan \u0130\u015eKUR Gen\u00e7lik Platformu, ge\u00e7ti\u011fimiz y\u0131l uygulamaya konulmu\u015ftu. Program sayesinde \u00f6\u011frenciler, e\u011fitim g\u00f6rd\u00fckleri [&hellip;]<\/p>\n","protected":false},"author":1,"featured_media":455,"comment_status":"open","ping_status":"open","sticky":false,"template":"","format":"standard","meta":{"footnotes":""},"categories":[8],"tags":[],"class_list":["post-454","post","type-post","status-publish","format-standard","has-post-thumbnail","hentry","category-kirsehir"],"_links":{"self":[{"href":"https:\/\/www.kirsehirses.com\/index.php\/wp-json\/wp\/v2\/posts\/454","targetHints":{"allow":["GET"]}}],"collection":[{"href":"https:\/\/www.kirsehirses.com\/index.php\/wp-json\/wp\/v2\/posts"}],"about":[{"href":"https:\/\/www.kirsehirses.com\/index.php\/wp-json\/wp\/v2\/types\/post"}],"author":[{"embeddable":true,"href":"https:\/\/www.kirsehirses.com\/index.php\/wp-json\/wp\/v2\/users\/1"}],"replies":[{"embeddable":true,"href":"https:\/\/www.kirsehirses.com\/index.php\/wp-json\/wp\/v2\/comments?post=454"}],"version-history":[{"count":1,"href":"https:\/\/www.kirsehirses.com\/index.php\/wp-json\/wp\/v2\/posts\/454\/revisions"}],"predecessor-version":[{"id":456,"href":"https:\/\/www.kirsehirses.com\/index.php\/wp-json\/wp\/v2\/posts\/454\/revisions\/456"}],"wp:featuredmedia":[{"embeddable":true,"href":"https:\/\/www.kirsehirses.com\/index.php\/wp-json\/wp\/v2\/media\/455"}],"wp:attachment":[{"href":"https:\/\/www.kirsehirses.com\/index.php\/wp-json\/wp\/v2\/media?parent=454"}],"wp:term":[{"taxonomy":"category","embeddable":true,"href":"https:\/\/www.kirsehirses.com\/index.php\/wp-json\/wp\/v2\/categories?post=454"},{"taxonomy":"post_tag","embeddable":true,"href":"https:\/\/www.kirsehirses.com\/index.php\/wp-json\/wp\/v2\/tags?post=454"}],"curies":[{"name":"wp","href":"https:\/\/api.w.org\/{rel}","templated":true}]}}