{"id":502,"date":"2025-10-04T02:18:20","date_gmt":"2025-10-03T23:18:20","guid":{"rendered":"https:\/\/www.kirsehirses.com\/?p=502"},"modified":"2025-10-04T02:18:20","modified_gmt":"2025-10-03T23:18:20","slug":"milli-asiretinin-reisi-pling-hayatini-kaybetti","status":"publish","type":"post","link":"https:\/\/www.kirsehirses.com\/index.php\/2025\/10\/04\/milli-asiretinin-reisi-pling-hayatini-kaybetti\/","title":{"rendered":"Milli A\u015firetinin Reisi \u201cPling\u201d Hayat\u0131n\u0131 Kaybetti"},"content":{"rendered":"<p><strong>Milli A\u015firetinin Reisi \u201cPling\u201d Hayat\u0131n\u0131 Kaybetti<\/strong><\/p>\n<p>Milli A\u015fireti\u2019nin reisi, kamuoyunda K\u00fcrt\u00e7e Kaplan anlam\u0131na gelen \u201cPling\u201d ad\u0131yla bilinen Mehmet Milli, tedavi g\u00f6rd\u00fc\u011f\u00fc Ankara\u2019da ya\u015fam\u0131n\u0131 yitirdi.<\/p>\n<p>Uzun s\u00fcredir sa\u011fl\u0131k sorunlar\u0131yla m\u00fccadele eden ve Do\u011fu\u2019nun kanaat \u00f6nderlerinden Birisi olarak bilinen Mehmet Milli\u2019nin vefat\u0131, memleketi Siverek ve \u015eanl\u0131urfa ba\u015fta olmak \u00fczere b\u00f6lgede b\u00fcy\u00fck \u00fcz\u00fcnt\u00fcye neden oldu.<\/p>\n<p>Ankara\u2019da tedavi g\u00f6rd\u00fc\u011f\u00fc hastanede hayat\u0131n\u0131 kaybeden Mehmet Milli\u2019nin naa\u015f\u0131 binlerce ara\u00e7 konvoyu e\u015fli\u011finde \u015eanl\u0131urfa\u2019ya g\u00f6t\u00fcr\u00fclerek \u00f6\u011fle namaz\u0131na m\u00fcteakip k\u0131l\u0131nan cenaze namaz\u0131n\u0131n ard\u0131ndan Yeni Asri Mezarl\u0131\u011f\u0131ndaki aile kabristanl\u0131\u011f\u0131na defnedildi.<\/p>\n<p>Milli\u2019nin cenaze t\u00f6renine b\u00f6lge ve \u00e7evre illerden gelen a\u015firet liderleri ve mensuplar\u0131, \u00e7ok say\u0131da Milletvekili ve siyaset\u00e7i, b\u00fcrokrat, i\u015f insan\u0131 ile binlerce seveni kat\u0131ld\u0131. Ailesi taziyeleri \u015eanl\u0131urfa merkez Karak\u00f6pr\u00fc il\u00e7esinde bulunan Abd\u00fclkadir Bad\u0131ll\u0131 Taziye Evinde kabul ediyor.<\/p>\n<p>Mehmet Milli\u2019nin cenazesine yurt i\u00e7inden gelenlerin yan\u0131 s\u0131ra yurt d\u0131\u015f\u0131ndan da \u00e7ok say\u0131da seveni kat\u0131ld\u0131. Cenazeye Almanya\u2019dan gelerek kat\u0131lan i\u015f insan\u0131 Yusuf Ahi yapt\u0131\u011f\u0131 a\u00e7\u0131klamada; \u201cRahmetli Mehmet Milli, bizim b\u00fcy\u00fc\u011f\u00fcm\u00fcz, abimiz ve sorunumuz oldu\u011funda fikirleriyle bizlere yol g\u00f6steren bir insand\u0131. Burada cenazeye kat\u0131lan binleri g\u00f6r\u00fcnce O\u2019nun vefat\u0131n\u0131n sadece ailesi ve biz yak\u0131n dostlar\u0131 i\u00e7in de\u011fil, b\u00f6lge halk\u0131 ve onu tan\u0131yan geni\u015f kitleler i\u00e7in de b\u00fcy\u00fck bir kay\u0131p oldu\u011funu daha iyi anl\u0131yorum. Mehmet Milli\u2019ye Allah\u2019tan rahmet, ailesine, a\u015firetine, b\u00f6lge halk\u0131na ve t\u00fcm sevenlerine ba\u015fsa\u011fl\u0131\u011f\u0131 diliyorum.\u201d \u015feklinde duygular\u0131n\u0131 dile getirdi.<\/p>\n<p>1952 y\u0131l\u0131nda Siverek\u2019te d\u00fcnyaya gelen Mehmet Milli, G\u00fcneydo\u011fu\u2019nun k\u00f6kl\u00fc ailelerinden Milli A\u015firetinin Reisiydi. 1980\u2019li y\u0131llardan itibaren b\u00f6lgedeki \u00e7e\u015fitli siyasi ve a\u015firetler aras\u0131 olaylarla ad\u0131 g\u00fcndeme gelen Mehmet Milli, gen\u00e7 ya\u015fta memleketini terk etmek zorunda kalm\u0131\u015ft\u0131. \u00d6nce Milli a\u015firetinin yo\u011fun olarak ya\u015fad\u0131\u011f\u0131 ve Suriye ordusunda General olarak g\u00f6rev yapan akrabas\u0131n\u0131n yard\u0131m\u0131yla bir s\u00fcre Suriye\u2019de ya\u015fayan Milli, ailesini de yan\u0131na alarak \u0130sve\u00e7\u2019e yerle\u015fti. Daha sonra ticari i\u015fleri nedeniyle s\u0131k s\u0131k gitti\u011fi Bulgaristan\u2019da ya\u015fayan Mehmet Milli, kendisine son durak olarak Romanya\u2019y\u0131 se\u00e7ti.<\/p>\n<p>32 y\u0131l T\u00fcrkiye\u2019ye giremeyen ve hayat\u0131 kitaplara konu olan Mehmet Milli, 2011 y\u0131l\u0131nda ba\u015flayan \u00e7\u00f6z\u00fcm s\u00fcreci kapsam\u0131nda T\u00fcrkiye\u2019ye d\u00f6nd\u00fc ve a\u015firetinin liderli\u011fini \u00fcstlendi. Bar\u0131\u015f ve toplumsal uzla\u015f\u0131 mesajlar\u0131yla dikkat \u00e7eken Mehmet Milli, kanaat \u00f6nderi kimli\u011fiyle b\u00f6lgedeki siyasal geli\u015fmelerde \u00f6nemli rol oynad\u0131, \u00f6zellikle bar\u0131\u015f ve diyalog \u00e7a\u011fr\u0131lar\u0131yla \u00f6ne \u00e7\u0131kt\u0131.<\/p>\n<p>Son y\u0131llar\u0131n\u0131 Siverek ve Ankara\u2019da ge\u00e7iren Milli, a\u015firet liderli\u011fini s\u00fcrd\u00fcr\u00fcrken ayn\u0131 zamanda sosyal ve ticari faaliyetlerde de bulunuyordu.<\/p>\n<p>F\u0131rsat bulduk\u00e7a K\u0131r\u015fehir\u2019e de gelen Mehmet Milli Ahi Evran-\u0131 Veli hazretlerinin cami ve t\u00fcrbesini ziyaret eder, K\u0131r\u015fehir\u2019i \u201cHuzur \u015eehri\u201d olarak ifade ederdi. K\u0131r\u015fehir Ses Haber olarak merhuma Allah\u2019tan rahmet ailesine ve sevenlerine ba\u015fsa\u011fl\u0131\u011f\u0131 diliyoruz.<\/p>\n","protected":false},"excerpt":{"rendered":"<p>Milli A\u015firetinin Reisi \u201cPling\u201d Hayat\u0131n\u0131 Kaybetti Milli A\u015fireti\u2019nin reisi, kamuoyunda K\u00fcrt\u00e7e Kaplan anlam\u0131na gelen \u201cPling\u201d ad\u0131yla bilinen Mehmet Milli, tedavi g\u00f6rd\u00fc\u011f\u00fc Ankara\u2019da ya\u015fam\u0131n\u0131 yitirdi. Uzun s\u00fcredir sa\u011fl\u0131k sorunlar\u0131yla m\u00fccadele eden ve Do\u011fu\u2019nun kanaat \u00f6nderlerinden Birisi olarak bilinen Mehmet Milli\u2019nin vefat\u0131, memleketi Siverek ve \u015eanl\u0131urfa ba\u015fta olmak \u00fczere b\u00f6lgede b\u00fcy\u00fck \u00fcz\u00fcnt\u00fcye neden oldu. Ankara\u2019da tedavi g\u00f6rd\u00fc\u011f\u00fc [&hellip;]<\/p>\n","protected":false},"author":1,"featured_media":503,"comment_status":"open","ping_status":"open","sticky":false,"template":"","format":"standard","meta":{"footnotes":""},"categories":[7],"tags":[],"class_list":["post-502","post","type-post","status-publish","format-standard","has-post-thumbnail","hentry","category-turkiye"],"_links":{"self":[{"href":"https:\/\/www.kirsehirses.com\/index.php\/wp-json\/wp\/v2\/posts\/502","targetHints":{"allow":["GET"]}}],"collection":[{"href":"https:\/\/www.kirsehirses.com\/index.php\/wp-json\/wp\/v2\/posts"}],"about":[{"href":"https:\/\/www.kirsehirses.com\/index.php\/wp-json\/wp\/v2\/types\/post"}],"author":[{"embeddable":true,"href":"https:\/\/www.kirsehirses.com\/index.php\/wp-json\/wp\/v2\/users\/1"}],"replies":[{"embeddable":true,"href":"https:\/\/www.kirsehirses.com\/index.php\/wp-json\/wp\/v2\/comments?post=502"}],"version-history":[{"count":1,"href":"https:\/\/www.kirsehirses.com\/index.php\/wp-json\/wp\/v2\/posts\/502\/revisions"}],"predecessor-version":[{"id":504,"href":"https:\/\/www.kirsehirses.com\/index.php\/wp-json\/wp\/v2\/posts\/502\/revisions\/504"}],"wp:featuredmedia":[{"embeddable":true,"href":"https:\/\/www.kirsehirses.com\/index.php\/wp-json\/wp\/v2\/media\/503"}],"wp:attachment":[{"href":"https:\/\/www.kirsehirses.com\/index.php\/wp-json\/wp\/v2\/media?parent=502"}],"wp:term":[{"taxonomy":"category","embeddable":true,"href":"https:\/\/www.kirsehirses.com\/index.php\/wp-json\/wp\/v2\/categories?post=502"},{"taxonomy":"post_tag","embeddable":true,"href":"https:\/\/www.kirsehirses.com\/index.php\/wp-json\/wp\/v2\/tags?post=502"}],"curies":[{"name":"wp","href":"https:\/\/api.w.org\/{rel}","templated":true}]}}