{"id":508,"date":"2025-10-05T13:50:02","date_gmt":"2025-10-05T10:50:02","guid":{"rendered":"https:\/\/www.kirsehirses.com\/?p=508"},"modified":"2025-10-05T13:50:02","modified_gmt":"2025-10-05T10:50:02","slug":"kirsehirde-4-5-ekim-tarihlerinde-mucadele-amacli-surek-avi-duzenlenecek","status":"publish","type":"post","link":"https:\/\/www.kirsehirses.com\/index.php\/2025\/10\/05\/kirsehirde-4-5-ekim-tarihlerinde-mucadele-amacli-surek-avi-duzenlenecek\/","title":{"rendered":"KIR\u015eEH\u0130R\u2019DE 4-5 EK\u0130M TAR\u0130HLER\u0130NDE M\u00dcCADELE AMA\u00c7LI S\u00dcREK AVI D\u00dcZENLENECEK"},"content":{"rendered":"<p data-start=\"0\" data-end=\"78\"><strong data-start=\"0\" data-end=\"76\">KIR\u015eEH\u0130R\u2019DE 4-5 EK\u0130M TAR\u0130HLER\u0130NDE M\u00dcCADELE AMA\u00c7LI S\u00dcREK AVI D\u00dcZENLENECEK<\/strong><\/p>\n<p data-start=\"80\" data-end=\"282\"><strong data-start=\"80\" data-end=\"122\">Do\u011fa Koruma ve Milli Parklar M\u00fcd\u00fcrl\u00fc\u011f\u00fc<\/strong>, K\u0131r\u015fehir\u2019de <strong data-start=\"136\" data-end=\"173\">04-05 Ekim 2025 (Cumartesi-Pazar)<\/strong> tarihlerinde yaban hayat\u0131 y\u00f6netimi kapsam\u0131nda <strong data-start=\"220\" data-end=\"249\">m\u00fccadele ama\u00e7l\u0131 s\u00fcrek av\u0131<\/strong> ger\u00e7ekle\u015ftirilece\u011fini duyurdu.<\/p>\n<h3 data-start=\"284\" data-end=\"321\">\ud83d\udccd <strong data-start=\"291\" data-end=\"319\">AVIN YAPILACA\u011eI B\u00d6LGELER<\/strong><\/h3>\n<p data-start=\"322\" data-end=\"512\">S\u00fcrek av\u0131 faaliyeti, K\u0131r\u015fehir merkez ve Mucur il\u00e7esine ba\u011fl\u0131 baz\u0131 b\u00f6lgelerde ger\u00e7ekle\u015ftirilecek. M\u00fcd\u00fcrl\u00fck taraf\u0131ndan yap\u0131lan a\u00e7\u0131klamaya g\u00f6re, av\u0131n yap\u0131laca\u011f\u0131 alanlar \u015fu \u015fekilde belirlendi:<\/p>\n<ul data-start=\"514\" data-end=\"666\">\n<li data-start=\"514\" data-end=\"596\">\n<p data-start=\"516\" data-end=\"596\"><strong data-start=\"516\" data-end=\"536\">K\u0131r\u015fehir Merkez:<\/strong> \u00d6zba\u011f Beldesi \u2013 Kervansaray, A\u015f\u0131kpa\u015fa, K\u0131ndam Mahalleleri<\/p>\n<\/li>\n<li data-start=\"597\" data-end=\"666\">\n<p data-start=\"599\" data-end=\"666\"><strong data-start=\"599\" data-end=\"616\">Mucur \u0130l\u00e7esi:<\/strong> \u0130na\u00e7 ve Ye\u015filyurt K\u00f6yleri \u2013 \u015eat\u0131ro\u011flu Mahallesi<\/p>\n<\/li>\n<\/ul>\n<p data-start=\"668\" data-end=\"781\">Bu b\u00f6lgelerde, belirlenen tarihlerde av faaliyetleri y\u00fcr\u00fct\u00fclece\u011fi i\u00e7in vatanda\u015flar\u0131n dikkatli olmalar\u0131 istendi.<\/p>\n<h3 data-start=\"783\" data-end=\"825\">\u26a0\ufe0f <strong data-start=\"790\" data-end=\"823\">VATANDA\u015eLARA G\u00dcVENL\u0130K UYARISI<\/strong><\/h3>\n<p data-start=\"826\" data-end=\"1188\">Do\u011fa Koruma ve Milli Parklar M\u00fcd\u00fcrl\u00fc\u011f\u00fc, s\u00fcrek av\u0131 s\u00fcresince <strong data-start=\"886\" data-end=\"966\">vatanda\u015flar\u0131n can ve mal g\u00fcvenli\u011fi a\u00e7\u0131s\u0131ndan bu b\u00f6lgelerden uzak durmalar\u0131n\u0131<\/strong> \u00f6nemle rica etti.<br data-start=\"984\" data-end=\"987\" \/>Yetkililer, s\u00fcrek av\u0131n\u0131n yap\u0131laca\u011f\u0131 alanlarda giri\u015f ve dola\u015fman\u0131n <strong data-start=\"1053\" data-end=\"1080\">tehlikeli olabilece\u011fini<\/strong> vurgulayarak, b\u00f6lgede ya\u015fayan veya bu g\u00fczerg\u00e2hlar\u0131 kullanan vatanda\u015flar\u0131n dikkatli davranmalar\u0131n\u0131 istedi.<\/p>\n<p data-start=\"1190\" data-end=\"1349\">S\u00fcrek av\u0131 s\u0131ras\u0131nda g\u00f6revli ekiplerin koordineli \u015fekilde \u00e7al\u0131\u015faca\u011f\u0131, alan g\u00fcvenli\u011finin sa\u011flanaca\u011f\u0131 ancak yine de halk\u0131n tedbirli olmas\u0131 gerekti\u011fi belirtildi.<\/p>\n<h3 data-start=\"1351\" data-end=\"1380\">\ud83c\udf3f <strong data-start=\"1358\" data-end=\"1378\">S\u00dcREK AVI NED\u0130R?<\/strong><\/h3>\n<p data-start=\"1381\" data-end=\"1687\">S\u00fcrek av\u0131, <strong data-start=\"1392\" data-end=\"1458\">belirli hayvan t\u00fcrlerinin pop\u00fclasyonunu kontrol alt\u0131nda tutmak<\/strong> ve <strong data-start=\"1462\" data-end=\"1501\">ekosistemdeki do\u011fal dengeyi korumak<\/strong> amac\u0131yla y\u00fcr\u00fct\u00fclen kontroll\u00fc bir av y\u00f6ntemidir. Bu t\u00fcr faaliyetler, <strong data-start=\"1570\" data-end=\"1633\">yaban hayat\u0131 y\u00f6netimi ve do\u011fal alanlar\u0131n s\u00fcrd\u00fcr\u00fclebilirli\u011fi<\/strong> a\u00e7\u0131s\u0131ndan zaman zaman zorunlu hale gelebilmektedir.<\/p>\n<p data-start=\"1689\" data-end=\"1911\">Ancak, bu t\u00fcr faaliyetlerde en \u00f6nemli \u00f6nceli\u011fin <strong data-start=\"1737\" data-end=\"1756\">insan g\u00fcvenli\u011fi<\/strong> oldu\u011funa dikkat \u00e7eken yetkililer, vatanda\u015flardan resmi uyar\u0131lar\u0131 dikkate almalar\u0131n\u0131 ve belirtilen tarihlerde ilgili b\u00f6lgelerden uzak durmalar\u0131n\u0131 istedi.<\/p>\n<h3 data-start=\"1913\" data-end=\"1956\">\ud83d\udd0e <strong data-start=\"1920\" data-end=\"1954\">AMA\u00c7: EKOLOJ\u0130K DENGEY\u0130 KORUMAK<\/strong><\/h3>\n<p data-start=\"1957\" data-end=\"2301\">Do\u011fa Koruma ve Milli Parklar M\u00fcd\u00fcrl\u00fc\u011f\u00fc yetkilileri, s\u00fcrek av\u0131n\u0131n temel amac\u0131n\u0131n \u201cavc\u0131l\u0131\u011f\u0131 te\u015fvik etmek\u201d de\u011fil, <strong data-start=\"2068\" data-end=\"2096\">ekolojik dengeyi korumak<\/strong> oldu\u011funu vurgulad\u0131. \u00d6zellikle baz\u0131 t\u00fcrlerin a\u015f\u0131r\u0131 \u00e7o\u011falmas\u0131yla tar\u0131m alanlar\u0131na, orman ekosistemlerine veya di\u011fer yaban t\u00fcrlerine zarar verilmesi durumunda, bu t\u00fcr kontroll\u00fc avlar gerekli g\u00f6r\u00fclmektedir.<\/p>\n<p data-start=\"2303\" data-end=\"2471\">Yetkililer ayr\u0131ca, yap\u0131lan \u00e7al\u0131\u015fmalar\u0131n <strong data-start=\"2343\" data-end=\"2377\">bilimsel temellere dayand\u0131\u011f\u0131n\u0131<\/strong> ve <strong data-start=\"2381\" data-end=\"2421\">s\u00fcrd\u00fcr\u00fclebilir yaban hayat\u0131 y\u00f6netimi<\/strong> ilkeleri \u00e7er\u00e7evesinde y\u00fcr\u00fct\u00fcld\u00fc\u011f\u00fcn\u00fc ifade etti.<\/p>\n<h3 data-start=\"2473\" data-end=\"2494\">\ud83d\uddd3\ufe0f <strong data-start=\"2481\" data-end=\"2494\">TAR\u0130HLER:<\/strong><\/h3>\n<p data-start=\"2495\" data-end=\"2554\">\ud83d\udcc5 04-05 Ekim 2025 (Cumartesi &#8211; Pazar)<br data-start=\"2533\" data-end=\"2536\" \/>\ud83d\udccd <strong data-start=\"2539\" data-end=\"2552\">B\u00f6lgeler:<\/strong><\/p>\n<ul data-start=\"2555\" data-end=\"2657\">\n<li data-start=\"2555\" data-end=\"2612\">\n<p data-start=\"2557\" data-end=\"2612\">K\u0131r\u015fehir Merkez: \u00d6zba\u011f, Kervansaray, A\u015f\u0131kpa\u015fa, K\u0131ndam<\/p>\n<\/li>\n<li data-start=\"2613\" data-end=\"2657\">\n<p data-start=\"2615\" data-end=\"2657\">Mucur \u0130l\u00e7esi: \u0130na\u00e7, Ye\u015filyurt, \u015eat\u0131ro\u011flu<\/p>\n<\/li>\n<\/ul>\n<hr data-start=\"2659\" data-end=\"2662\" \/>\n<p data-start=\"2664\" data-end=\"2886\">\ud83d\udfe2 <strong data-start=\"2667\" data-end=\"2682\">Hat\u0131rlatma:<\/strong><br data-start=\"2682\" data-end=\"2685\" \/>S\u00fcrek av\u0131 s\u00fcresince b\u00f6lgede ikamet eden, tar\u0131msal faaliyet y\u00fcr\u00fcten veya do\u011fa gezisi planlayan vatanda\u015flar\u0131n g\u00fcvenlik gerek\u00e7esiyle <strong data-start=\"2815\" data-end=\"2855\">belirtilen alanlardan uzak durmalar\u0131<\/strong> \u00f6nemle tavsiye edilmektedir.<\/p>\n","protected":false},"excerpt":{"rendered":"<p>KIR\u015eEH\u0130R\u2019DE 4-5 EK\u0130M TAR\u0130HLER\u0130NDE M\u00dcCADELE AMA\u00c7LI S\u00dcREK AVI D\u00dcZENLENECEK Do\u011fa Koruma ve Milli Parklar M\u00fcd\u00fcrl\u00fc\u011f\u00fc, K\u0131r\u015fehir\u2019de 04-05 Ekim 2025 (Cumartesi-Pazar) tarihlerinde yaban hayat\u0131 y\u00f6netimi kapsam\u0131nda m\u00fccadele ama\u00e7l\u0131 s\u00fcrek av\u0131 ger\u00e7ekle\u015ftirilece\u011fini duyurdu. \ud83d\udccd AVIN YAPILACA\u011eI B\u00d6LGELER S\u00fcrek av\u0131 faaliyeti, K\u0131r\u015fehir merkez ve Mucur il\u00e7esine ba\u011fl\u0131 baz\u0131 b\u00f6lgelerde ger\u00e7ekle\u015ftirilecek. M\u00fcd\u00fcrl\u00fck taraf\u0131ndan yap\u0131lan a\u00e7\u0131klamaya g\u00f6re, av\u0131n yap\u0131laca\u011f\u0131 alanlar [&hellip;]<\/p>\n","protected":false},"author":1,"featured_media":509,"comment_status":"open","ping_status":"open","sticky":false,"template":"","format":"standard","meta":{"footnotes":""},"categories":[8],"tags":[],"class_list":["post-508","post","type-post","status-publish","format-standard","has-post-thumbnail","hentry","category-kirsehir"],"_links":{"self":[{"href":"https:\/\/www.kirsehirses.com\/index.php\/wp-json\/wp\/v2\/posts\/508","targetHints":{"allow":["GET"]}}],"collection":[{"href":"https:\/\/www.kirsehirses.com\/index.php\/wp-json\/wp\/v2\/posts"}],"about":[{"href":"https:\/\/www.kirsehirses.com\/index.php\/wp-json\/wp\/v2\/types\/post"}],"author":[{"embeddable":true,"href":"https:\/\/www.kirsehirses.com\/index.php\/wp-json\/wp\/v2\/users\/1"}],"replies":[{"embeddable":true,"href":"https:\/\/www.kirsehirses.com\/index.php\/wp-json\/wp\/v2\/comments?post=508"}],"version-history":[{"count":1,"href":"https:\/\/www.kirsehirses.com\/index.php\/wp-json\/wp\/v2\/posts\/508\/revisions"}],"predecessor-version":[{"id":510,"href":"https:\/\/www.kirsehirses.com\/index.php\/wp-json\/wp\/v2\/posts\/508\/revisions\/510"}],"wp:featuredmedia":[{"embeddable":true,"href":"https:\/\/www.kirsehirses.com\/index.php\/wp-json\/wp\/v2\/media\/509"}],"wp:attachment":[{"href":"https:\/\/www.kirsehirses.com\/index.php\/wp-json\/wp\/v2\/media?parent=508"}],"wp:term":[{"taxonomy":"category","embeddable":true,"href":"https:\/\/www.kirsehirses.com\/index.php\/wp-json\/wp\/v2\/categories?post=508"},{"taxonomy":"post_tag","embeddable":true,"href":"https:\/\/www.kirsehirses.com\/index.php\/wp-json\/wp\/v2\/tags?post=508"}],"curies":[{"name":"wp","href":"https:\/\/api.w.org\/{rel}","templated":true}]}}