{"id":519,"date":"2025-10-07T02:59:26","date_gmt":"2025-10-06T23:59:26","guid":{"rendered":"https:\/\/www.kirsehirses.com\/?p=519"},"modified":"2025-10-07T02:59:26","modified_gmt":"2025-10-06T23:59:26","slug":"kirsehir-belediyesi-sanat-galerisi-acildi","status":"publish","type":"post","link":"https:\/\/www.kirsehirses.com\/index.php\/2025\/10\/07\/kirsehir-belediyesi-sanat-galerisi-acildi\/","title":{"rendered":"K\u0131r\u015fehir Belediyesi Sanat Galerisi A\u00e7\u0131ld\u0131"},"content":{"rendered":"<p><strong>K\u0131r\u015fehir Belediyesi Sanat Galerisi A\u00e7\u0131ld\u0131<\/strong><\/p>\n<p><img loading=\"lazy\" decoding=\"async\" class=\"alignnone size-full wp-image-520\" src=\"https:\/\/www.kirsehirses.com\/wp-content\/uploads\/2025\/10\/13.jpg\" alt=\"\" width=\"1600\" height=\"900\" srcset=\"https:\/\/www.kirsehirses.com\/wp-content\/uploads\/2025\/10\/13.jpg 1600w, https:\/\/www.kirsehirses.com\/wp-content\/uploads\/2025\/10\/13-300x169.jpg 300w, https:\/\/www.kirsehirses.com\/wp-content\/uploads\/2025\/10\/13-1024x576.jpg 1024w, https:\/\/www.kirsehirses.com\/wp-content\/uploads\/2025\/10\/13-768x432.jpg 768w, https:\/\/www.kirsehirses.com\/wp-content\/uploads\/2025\/10\/13-1536x864.jpg 1536w\" sizes=\"auto, (max-width: 1600px) 100vw, 1600px\" \/><\/p>\n<p>K\u0131r\u015fehir Belediyesi taraf\u0131ndan hayata ge\u00e7irilen Sanat Galerisi, d\u00fczenlenen t\u00f6renle a\u00e7\u0131ld\u0131.<\/p>\n<p>A\u00e7\u0131l\u0131\u015fa K\u0131r\u015fehir Milletvekili Metin \u0130lhan, Belediye Ba\u015fkan\u0131 Selahattin Ekicio\u011flu, protokol \u00fcyeleri, sanat\u00e7\u0131lar ve vatanda\u015flar kat\u0131ld\u0131.<\/p>\n<p>Belediye Ba\u015fkan\u0131 Selahattin Ekicio\u011flu, galeriyle birlikte kente yeni bir k\u00fclt\u00fcr-sanat mek\u00e2n\u0131 kazand\u0131r\u0131ld\u0131\u011f\u0131n\u0131 belirtti.<\/p>\n<p>A\u00e7\u0131l\u0131\u015f\u0131n ard\u0131ndan ilk sergi sanatseverlerin be\u011fenisine sunuldu. Sanat Galerisi 10 Ekim\u2019e kadar a\u00e7\u0131k kalacak.<\/p>\n","protected":false},"excerpt":{"rendered":"<p>K\u0131r\u015fehir Belediyesi Sanat Galerisi A\u00e7\u0131ld\u0131 K\u0131r\u015fehir Belediyesi taraf\u0131ndan hayata ge\u00e7irilen Sanat Galerisi, d\u00fczenlenen t\u00f6renle a\u00e7\u0131ld\u0131. A\u00e7\u0131l\u0131\u015fa K\u0131r\u015fehir Milletvekili Metin \u0130lhan, Belediye Ba\u015fkan\u0131 Selahattin Ekicio\u011flu, protokol \u00fcyeleri, sanat\u00e7\u0131lar ve vatanda\u015flar kat\u0131ld\u0131. Belediye Ba\u015fkan\u0131 Selahattin Ekicio\u011flu, galeriyle birlikte kente yeni bir k\u00fclt\u00fcr-sanat mek\u00e2n\u0131 kazand\u0131r\u0131ld\u0131\u011f\u0131n\u0131 belirtti. A\u00e7\u0131l\u0131\u015f\u0131n ard\u0131ndan ilk sergi sanatseverlerin be\u011fenisine sunuldu. Sanat Galerisi 10 Ekim\u2019e kadar [&hellip;]<\/p>\n","protected":false},"author":1,"featured_media":520,"comment_status":"open","ping_status":"open","sticky":false,"template":"","format":"standard","meta":{"footnotes":""},"categories":[8],"tags":[],"class_list":["post-519","post","type-post","status-publish","format-standard","has-post-thumbnail","hentry","category-kirsehir"],"_links":{"self":[{"href":"https:\/\/www.kirsehirses.com\/index.php\/wp-json\/wp\/v2\/posts\/519","targetHints":{"allow":["GET"]}}],"collection":[{"href":"https:\/\/www.kirsehirses.com\/index.php\/wp-json\/wp\/v2\/posts"}],"about":[{"href":"https:\/\/www.kirsehirses.com\/index.php\/wp-json\/wp\/v2\/types\/post"}],"author":[{"embeddable":true,"href":"https:\/\/www.kirsehirses.com\/index.php\/wp-json\/wp\/v2\/users\/1"}],"replies":[{"embeddable":true,"href":"https:\/\/www.kirsehirses.com\/index.php\/wp-json\/wp\/v2\/comments?post=519"}],"version-history":[{"count":1,"href":"https:\/\/www.kirsehirses.com\/index.php\/wp-json\/wp\/v2\/posts\/519\/revisions"}],"predecessor-version":[{"id":521,"href":"https:\/\/www.kirsehirses.com\/index.php\/wp-json\/wp\/v2\/posts\/519\/revisions\/521"}],"wp:featuredmedia":[{"embeddable":true,"href":"https:\/\/www.kirsehirses.com\/index.php\/wp-json\/wp\/v2\/media\/520"}],"wp:attachment":[{"href":"https:\/\/www.kirsehirses.com\/index.php\/wp-json\/wp\/v2\/media?parent=519"}],"wp:term":[{"taxonomy":"category","embeddable":true,"href":"https:\/\/www.kirsehirses.com\/index.php\/wp-json\/wp\/v2\/categories?post=519"},{"taxonomy":"post_tag","embeddable":true,"href":"https:\/\/www.kirsehirses.com\/index.php\/wp-json\/wp\/v2\/tags?post=519"}],"curies":[{"name":"wp","href":"https:\/\/api.w.org\/{rel}","templated":true}]}}