{"id":533,"date":"2025-10-08T01:11:00","date_gmt":"2025-10-07T22:11:00","guid":{"rendered":"https:\/\/www.kirsehirses.com\/?p=533"},"modified":"2025-10-08T01:11:00","modified_gmt":"2025-10-07T22:11:00","slug":"vali-demiryurekten-kurum-ziyaretleri","status":"publish","type":"post","link":"https:\/\/www.kirsehirses.com\/index.php\/2025\/10\/08\/vali-demiryurekten-kurum-ziyaretleri\/","title":{"rendered":"Vali Demiry\u00fcrek\u2019ten Kurum Ziyaretleri"},"content":{"rendered":"<h2 data-start=\"75\" data-end=\"117\">Vali Demiry\u00fcrek\u2019ten Kurum Ziyaretleri<\/h2>\n<p data-start=\"119\" data-end=\"212\">K\u0131r\u015fehir Valisi Murat Sefa Demiry\u00fcrek, il genelinde \u00e7e\u015fitli kurumlara ziyaretlerde bulundu.<\/p>\n<p data-start=\"214\" data-end=\"405\">Ziyaret program\u0131 kapsam\u0131nda ilk dura\u011f\u0131 K\u0131r\u015fehir Askerlik \u015eubesi olan Vali Demiry\u00fcrek, Askerlik \u015eubesi Ba\u015fkan\u0131 Per. \u00dct\u011fm. Mehmet K\u00f6se ve personelden y\u00fcr\u00fct\u00fclen \u00e7al\u0131\u015fmalar hakk\u0131nda bilgi ald\u0131.<\/p>\n<p data-start=\"407\" data-end=\"918\">Ard\u0131ndan K\u0131r\u015fehir E\u011fitim ve Ara\u015ft\u0131rma Hastanesi\u2019ni ziyaret eden Vali Demiry\u00fcrek, g\u00f6reve yeni ba\u015flayan Hastane Ba\u015fhekimi Do\u00e7. Dr. Zeynel Abidin Erbesler\u2019e hay\u0131rl\u0131 olsun dileklerini iletti. \u0130l Sa\u011fl\u0131k M\u00fcd\u00fcr\u00fc Dr. S\u00fcleyman Ersoy\u2019un da haz\u0131r bulundu\u011fu ziyarette, hastanenin \u00e7al\u0131\u015fmalar\u0131 hakk\u0131nda bilgi al\u0131nd\u0131. Vali Demiry\u00fcrek, ayn\u0131 zamanda 1-7 Ekim tarihleri aras\u0131nda kutlanan \u201cNormal Do\u011fum Haftas\u0131\u201d etkinliklerine kat\u0131larak sa\u011fl\u0131k personeli ile bir araya geldi ve t\u00fcm sa\u011fl\u0131k \u00e7al\u0131\u015fanlar\u0131na ba\u015far\u0131 dileklerini iletti.<\/p>\n<p data-start=\"920\" data-end=\"1244\">Program\u0131na Aile ve Sosyal Hizmetler \u0130l M\u00fcd\u00fcrl\u00fc\u011f\u00fc, DS\u0130 122. K\u0131r\u015fehir \u015eube M\u00fcd\u00fcrl\u00fc\u011f\u00fc ve \u0130l K\u00fclt\u00fcr ve Turizm M\u00fcd\u00fcrl\u00fc\u011f\u00fc ziyaretleriyle devam eden Vali Demiry\u00fcrek, yeni atanan \u0130l M\u00fcd\u00fcrleri Serkan Sa\u011flam, Serkan Bostanc\u0131o\u011flu ve Mustafa Do\u011fan\u2019a g\u00f6revlerinde ba\u015far\u0131lar diledi. Kurum yetkililerinden \u00e7al\u0131\u015fmalar hakk\u0131nda bilgi ald\u0131.<\/p>\n<p data-start=\"1246\" data-end=\"1561\">Ziyaretlerin son b\u00f6l\u00fcm\u00fcnde ise \u0130l Sa\u011fl\u0131k M\u00fcd\u00fcr\u00fc Dr. S\u00fcleyman Ersoy, \u00c7evre, \u015eehircilik ve \u0130klim De\u011fi\u015fikli\u011fi \u0130l M\u00fcd\u00fcr\u00fc Muhammed Yusuf Orhan ve ilgili kurum amirlerinin kat\u0131l\u0131m\u0131yla, \u015fehir merkezinde yap\u0131lmas\u0131 planlanan 112 Acil Sa\u011fl\u0131k Hizmetleri \u0130stasyonu ve Aile Sa\u011fl\u0131\u011f\u0131 Merkezi arsalar\u0131nda incelemelerde bulunuldu.<\/p>\n","protected":false},"excerpt":{"rendered":"<p>Vali Demiry\u00fcrek\u2019ten Kurum Ziyaretleri K\u0131r\u015fehir Valisi Murat Sefa Demiry\u00fcrek, il genelinde \u00e7e\u015fitli kurumlara ziyaretlerde bulundu. Ziyaret program\u0131 kapsam\u0131nda ilk dura\u011f\u0131 K\u0131r\u015fehir Askerlik \u015eubesi olan Vali Demiry\u00fcrek, Askerlik \u015eubesi Ba\u015fkan\u0131 Per. \u00dct\u011fm. Mehmet K\u00f6se ve personelden y\u00fcr\u00fct\u00fclen \u00e7al\u0131\u015fmalar hakk\u0131nda bilgi ald\u0131. Ard\u0131ndan K\u0131r\u015fehir E\u011fitim ve Ara\u015ft\u0131rma Hastanesi\u2019ni ziyaret eden Vali Demiry\u00fcrek, g\u00f6reve yeni ba\u015flayan Hastane Ba\u015fhekimi [&hellip;]<\/p>\n","protected":false},"author":1,"featured_media":534,"comment_status":"open","ping_status":"open","sticky":false,"template":"","format":"standard","meta":{"footnotes":""},"categories":[8],"tags":[],"class_list":["post-533","post","type-post","status-publish","format-standard","has-post-thumbnail","hentry","category-kirsehir"],"_links":{"self":[{"href":"https:\/\/www.kirsehirses.com\/index.php\/wp-json\/wp\/v2\/posts\/533","targetHints":{"allow":["GET"]}}],"collection":[{"href":"https:\/\/www.kirsehirses.com\/index.php\/wp-json\/wp\/v2\/posts"}],"about":[{"href":"https:\/\/www.kirsehirses.com\/index.php\/wp-json\/wp\/v2\/types\/post"}],"author":[{"embeddable":true,"href":"https:\/\/www.kirsehirses.com\/index.php\/wp-json\/wp\/v2\/users\/1"}],"replies":[{"embeddable":true,"href":"https:\/\/www.kirsehirses.com\/index.php\/wp-json\/wp\/v2\/comments?post=533"}],"version-history":[{"count":1,"href":"https:\/\/www.kirsehirses.com\/index.php\/wp-json\/wp\/v2\/posts\/533\/revisions"}],"predecessor-version":[{"id":535,"href":"https:\/\/www.kirsehirses.com\/index.php\/wp-json\/wp\/v2\/posts\/533\/revisions\/535"}],"wp:featuredmedia":[{"embeddable":true,"href":"https:\/\/www.kirsehirses.com\/index.php\/wp-json\/wp\/v2\/media\/534"}],"wp:attachment":[{"href":"https:\/\/www.kirsehirses.com\/index.php\/wp-json\/wp\/v2\/media?parent=533"}],"wp:term":[{"taxonomy":"category","embeddable":true,"href":"https:\/\/www.kirsehirses.com\/index.php\/wp-json\/wp\/v2\/categories?post=533"},{"taxonomy":"post_tag","embeddable":true,"href":"https:\/\/www.kirsehirses.com\/index.php\/wp-json\/wp\/v2\/tags?post=533"}],"curies":[{"name":"wp","href":"https:\/\/api.w.org\/{rel}","templated":true}]}}