{"id":536,"date":"2025-10-08T01:13:06","date_gmt":"2025-10-07T22:13:06","guid":{"rendered":"https:\/\/www.kirsehirses.com\/?p=536"},"modified":"2025-10-12T21:21:52","modified_gmt":"2025-10-12T18:21:52","slug":"536","status":"publish","type":"post","link":"https:\/\/www.kirsehirses.com\/index.php\/2025\/10\/08\/536\/","title":{"rendered":"\u0130NSAN YET\u0130\u015eT\u0130RME VE AH\u0130L\u0130K Y\u00d6NET\u0130M S\u0130STEM\u0130"},"content":{"rendered":"<div class=\"xdj266r x14z9mp xat24cr x1lziwak x1vvkbs x126k92a\">\n<div dir=\"auto\"><strong>\u0130NSAN YET\u0130\u015eT\u0130RME VE AH\u0130L\u0130K Y\u00d6NET\u0130M S\u0130STEM\u0130<\/strong><\/div>\n<div dir=\"auto\"><\/div>\n<\/div>\n<div class=\"x14z9mp xat24cr x1lziwak x1vvkbs xtlvy1s x126k92a\">\n<div dir=\"auto\">Mal\u00fbmunuz, T\u00fcrkiye\u2019nin en \u00f6nemli sorunu insan yeti\u015ftirme ve kalite meselesidir. \u0130nsan\u0131m\u0131z\u0131 yeteneklerine g\u00f6re do\u011fru d\u00fczg\u00fcn ahl\u00e2ki erdemlere g\u00f6re yeti\u015ftiremiyoruz ve bu vahamet giderek art\u0131yor.<\/div>\n<\/div>\n<div class=\"x14z9mp xat24cr x1lziwak x1vvkbs xtlvy1s x126k92a\">\n<div dir=\"auto\">Karanl\u0131\u011fa k\u00fcfredece\u011fimize, mum yakman\u0131n daha evl\u00e2 oldu\u011funa inand\u0131\u011f\u0131m\u0131zdan, bir taraftan Ahilik konferanslar\u0131na devam ederken; di\u011fer taraftan da \u0130nsan ve Kalite Derne\u011fi\u2019nde daha \u00e7ok TSE men\u015feili arkada\u015flar\u0131m\u0131zla Ahilik Kalite Sistemini, Ahilik Y\u00f6netim Sistemini ortaya koymaya \u00e7al\u0131\u015f\u0131yoruz. B\u00f6ylece Ahili\u011fin \u00f6z\u00fcne uygun ve \u00e7a\u011f\u0131m\u0131zda uygulanabilecek bir kalite sistemini hayata ge\u00e7irmenin gayreti, aray\u0131\u015f\u0131 i\u00e7erisindeyiz. Bu konuda k\u00fc\u00e7\u00fck de olsa arkada\u015flar\u0131m\u0131zla birlikte bir kitap\u00e7\u0131k ortaya koyabildik, elhamd\u00fclillah.<\/div>\n<\/div>\n<div class=\"x14z9mp xat24cr x1lziwak x1vvkbs xtlvy1s x126k92a\">\n<div dir=\"auto\">Hafta sonunda faaliyetlerini de\u011ferli arkada\u015f\u0131m Sami \u00d6zt\u00fcrk ba\u015fkanl\u0131\u011f\u0131nda y\u00fcr\u00fcten \u0130nsan ve Kalite Derne\u011fi\u2019nde Ahilik ve kalite sistemini, farkl\u0131 alanlarda uzmanl\u0131k yapan dostlar\u0131m\u0131zla birlikte olu\u015fturmaya \u00e7al\u0131\u015f\u0131yoruz. Ahilik bizden, alanlar\u0131 ile kalite de\u011ferlendirmesi arkada\u015flar\u0131n\u0131zdan\u2026<\/div>\n<\/div>\n<div class=\"x14z9mp xat24cr x1lziwak x1vvkbs xtlvy1s x126k92a\">\n<div dir=\"auto\">Dedim ya bir taraftan da konferanslara devam\u2026Per\u015fembe g\u00fcn\u00fc Yunus Emre Mesleki ve Teknik Anadolu Lisesi\u2019nde k\u0131zlarla ho\u015f bir Ahilik s\u00f6yle\u015fimiz oldu. \u00d6\u011fretmen arkada\u015flar\u0131m\u0131z da bu konferanslar\u0131n kendilerine de ayr\u0131ca verilmesini istediler. K\u0131zlara dedim ki, Ahilikte han\u0131mlar f\u0131tratlar\u0131na uygun mesleklerde \u00e7al\u0131\u015fm\u0131\u015flard\u0131r. Peki hangi meslekler f\u0131trat\u0131n\u0131za uygundur? Yanar\u0131m yanar\u0131m da bir t\u00fcrl\u00fc yarat\u0131l\u0131\u015flar\u0131na uygun mesleklerin hangileri oldu\u011funu s\u00f6yleyememelerine yanar\u0131m. En son birisi\u201d pilotluk\u201d deyince \u201c K\u0131z\u0131m, yery\u00fcz\u00fcne inseniz g\u00fczel olacak \u201c dedim, espri ile kar\u0131\u015f\u0131k\u2026.K\u0131zlar\u0131m\u0131z, gelece\u011fimiz\u2026<\/div>\n<\/div>\n<div class=\"x14z9mp xat24cr x1lziwak x1vvkbs xtlvy1s x126k92a\">\n<div dir=\"auto\">Diyoruz ya \u201cDa\u011f ne kadar y\u00fcce olursa olsun, yol onun \u00fcst\u00fcnden ge\u00e7er.\u201d Allah\u2019\u0131n izni ve keremi ile\u2026<\/div>\n<\/div>\n","protected":false},"excerpt":{"rendered":"<p>\u0130NSAN YET\u0130\u015eT\u0130RME VE AH\u0130L\u0130K Y\u00d6NET\u0130M S\u0130STEM\u0130 Mal\u00fbmunuz, T\u00fcrkiye\u2019nin en \u00f6nemli sorunu insan yeti\u015ftirme ve kalite meselesidir. \u0130nsan\u0131m\u0131z\u0131 yeteneklerine g\u00f6re do\u011fru d\u00fczg\u00fcn ahl\u00e2ki erdemlere g\u00f6re yeti\u015ftiremiyoruz ve bu vahamet giderek art\u0131yor. Karanl\u0131\u011fa k\u00fcfredece\u011fimize, mum yakman\u0131n daha evl\u00e2 oldu\u011funa inand\u0131\u011f\u0131m\u0131zdan, bir taraftan Ahilik konferanslar\u0131na devam ederken; di\u011fer taraftan da \u0130nsan ve Kalite Derne\u011fi\u2019nde daha \u00e7ok TSE men\u015feili [&hellip;]<\/p>\n","protected":false},"author":1,"featured_media":537,"comment_status":"open","ping_status":"open","sticky":false,"template":"","format":"standard","meta":{"footnotes":""},"categories":[8],"tags":[],"class_list":["post-536","post","type-post","status-publish","format-standard","has-post-thumbnail","hentry","category-kirsehir"],"_links":{"self":[{"href":"https:\/\/www.kirsehirses.com\/index.php\/wp-json\/wp\/v2\/posts\/536","targetHints":{"allow":["GET"]}}],"collection":[{"href":"https:\/\/www.kirsehirses.com\/index.php\/wp-json\/wp\/v2\/posts"}],"about":[{"href":"https:\/\/www.kirsehirses.com\/index.php\/wp-json\/wp\/v2\/types\/post"}],"author":[{"embeddable":true,"href":"https:\/\/www.kirsehirses.com\/index.php\/wp-json\/wp\/v2\/users\/1"}],"replies":[{"embeddable":true,"href":"https:\/\/www.kirsehirses.com\/index.php\/wp-json\/wp\/v2\/comments?post=536"}],"version-history":[{"count":2,"href":"https:\/\/www.kirsehirses.com\/index.php\/wp-json\/wp\/v2\/posts\/536\/revisions"}],"predecessor-version":[{"id":541,"href":"https:\/\/www.kirsehirses.com\/index.php\/wp-json\/wp\/v2\/posts\/536\/revisions\/541"}],"wp:featuredmedia":[{"embeddable":true,"href":"https:\/\/www.kirsehirses.com\/index.php\/wp-json\/wp\/v2\/media\/537"}],"wp:attachment":[{"href":"https:\/\/www.kirsehirses.com\/index.php\/wp-json\/wp\/v2\/media?parent=536"}],"wp:term":[{"taxonomy":"category","embeddable":true,"href":"https:\/\/www.kirsehirses.com\/index.php\/wp-json\/wp\/v2\/categories?post=536"},{"taxonomy":"post_tag","embeddable":true,"href":"https:\/\/www.kirsehirses.com\/index.php\/wp-json\/wp\/v2\/tags?post=536"}],"curies":[{"name":"wp","href":"https:\/\/api.w.org\/{rel}","templated":true}]}}