{"id":559,"date":"2025-10-12T21:45:09","date_gmt":"2025-10-12T18:45:09","guid":{"rendered":"https:\/\/www.kirsehirses.com\/?p=559"},"modified":"2025-10-12T21:45:09","modified_gmt":"2025-10-12T18:45:09","slug":"bolu-unesco-muzik-sehri-kirsehiri-agirladi-turkuler-ve-halk-oyunlariyla-cosku-yasandi","status":"publish","type":"post","link":"https:\/\/www.kirsehirses.com\/index.php\/2025\/10\/12\/bolu-unesco-muzik-sehri-kirsehiri-agirladi-turkuler-ve-halk-oyunlariyla-cosku-yasandi\/","title":{"rendered":"Bolu, UNESCO M\u00fczik \u015eehri K\u0131r\u015fehir&#8217;i A\u011f\u0131rlad\u0131: T\u00fcrk\u00fcler ve Halk Oyunlar\u0131yla Co\u015fku Ya\u015fand\u0131"},"content":{"rendered":"<p><b>K\u0131r\u015fehir Sanat\u0131 Bolu Sahnesinde<\/b><\/p>\n<p>UNESCO taraf\u0131ndan &#8220;M\u00fczik \u015eehri&#8221; unvan\u0131n\u0131 ta\u015f\u0131yan K\u0131r\u015fehir, k\u00fclt\u00fcr ve sanat r\u00fczg\u00e2r\u0131n\u0131 Bolu&#8217;ya ta\u015f\u0131d\u0131. K\u0131r\u015fehir Kent Konseyi Kad\u0131n Meclisi Korosu, K\u0131r\u015fehir Belediyesi Halk Oyunlar\u0131 Ekibi ve Abdallar Toplulu\u011fu, Bolu Belediyesi&#8217;nin davetiyle \u00f6zel bir konserde bulu\u015ftu.<\/p>\n<p>7 Ekim 2025 Sal\u0131 g\u00fcn\u00fc Bolu Belediyesi Necip Faz\u0131l K\u00fclt\u00fcr Merkezi Salonu&#8217;nda d\u00fczenlenen etkinlik, &#8220;Bozk\u0131r\u0131n Telinden Ozanlar\u0131n Dilinden T\u00fcrk\u00fcler Konseri&#8221; ad\u0131yla sanatseverlerle bulu\u015ftu.<\/p>\n<p>Koro \u015eefi Yeliz Ba\u015f&#8217;\u0131n y\u00f6netimindeki K\u0131r\u015fehirli sanat\u00e7\u0131lar, dinleyicilere unutulmaz bir gece ya\u015fatt\u0131. Konserde Ne\u015fet Erta\u015f ve Muharrem Erta\u015f gibi efsanevi ozanlar\u0131n memleketi K\u0131r\u015fehir&#8217;e \u00f6zg\u00fc birbirinden de\u011ferli t\u00fcrk\u00fcler seslendirildi. Konser, Bolu&#8217;da b\u00fcy\u00fck ilgi g\u00f6rd\u00fc ve K\u0131r\u015fehir&#8217;in zengin m\u00fczik miras\u0131n\u0131 ba\u015far\u0131yla temsil etti.<\/p>\n","protected":false},"excerpt":{"rendered":"<p>K\u0131r\u015fehir Sanat\u0131 Bolu Sahnesinde UNESCO taraf\u0131ndan &#8220;M\u00fczik \u015eehri&#8221; unvan\u0131n\u0131 ta\u015f\u0131yan K\u0131r\u015fehir, k\u00fclt\u00fcr ve sanat r\u00fczg\u00e2r\u0131n\u0131 Bolu&#8217;ya ta\u015f\u0131d\u0131. K\u0131r\u015fehir Kent Konseyi Kad\u0131n Meclisi Korosu, K\u0131r\u015fehir Belediyesi Halk Oyunlar\u0131 Ekibi ve Abdallar Toplulu\u011fu, Bolu Belediyesi&#8217;nin davetiyle \u00f6zel bir konserde bulu\u015ftu. 7 Ekim 2025 Sal\u0131 g\u00fcn\u00fc Bolu Belediyesi Necip Faz\u0131l K\u00fclt\u00fcr Merkezi Salonu&#8217;nda d\u00fczenlenen etkinlik, &#8220;Bozk\u0131r\u0131n Telinden Ozanlar\u0131n [&hellip;]<\/p>\n","protected":false},"author":1,"featured_media":560,"comment_status":"open","ping_status":"open","sticky":false,"template":"","format":"standard","meta":{"footnotes":""},"categories":[8],"tags":[],"class_list":["post-559","post","type-post","status-publish","format-standard","has-post-thumbnail","hentry","category-kirsehir"],"_links":{"self":[{"href":"https:\/\/www.kirsehirses.com\/index.php\/wp-json\/wp\/v2\/posts\/559","targetHints":{"allow":["GET"]}}],"collection":[{"href":"https:\/\/www.kirsehirses.com\/index.php\/wp-json\/wp\/v2\/posts"}],"about":[{"href":"https:\/\/www.kirsehirses.com\/index.php\/wp-json\/wp\/v2\/types\/post"}],"author":[{"embeddable":true,"href":"https:\/\/www.kirsehirses.com\/index.php\/wp-json\/wp\/v2\/users\/1"}],"replies":[{"embeddable":true,"href":"https:\/\/www.kirsehirses.com\/index.php\/wp-json\/wp\/v2\/comments?post=559"}],"version-history":[{"count":1,"href":"https:\/\/www.kirsehirses.com\/index.php\/wp-json\/wp\/v2\/posts\/559\/revisions"}],"predecessor-version":[{"id":561,"href":"https:\/\/www.kirsehirses.com\/index.php\/wp-json\/wp\/v2\/posts\/559\/revisions\/561"}],"wp:featuredmedia":[{"embeddable":true,"href":"https:\/\/www.kirsehirses.com\/index.php\/wp-json\/wp\/v2\/media\/560"}],"wp:attachment":[{"href":"https:\/\/www.kirsehirses.com\/index.php\/wp-json\/wp\/v2\/media?parent=559"}],"wp:term":[{"taxonomy":"category","embeddable":true,"href":"https:\/\/www.kirsehirses.com\/index.php\/wp-json\/wp\/v2\/categories?post=559"},{"taxonomy":"post_tag","embeddable":true,"href":"https:\/\/www.kirsehirses.com\/index.php\/wp-json\/wp\/v2\/tags?post=559"}],"curies":[{"name":"wp","href":"https:\/\/api.w.org\/{rel}","templated":true}]}}