{"id":562,"date":"2025-10-12T21:49:33","date_gmt":"2025-10-12T18:49:33","guid":{"rendered":"https:\/\/www.kirsehirses.com\/?p=562"},"modified":"2025-10-12T21:49:33","modified_gmt":"2025-10-12T18:49:33","slug":"kirsehirin-tarihi-yeralti-sehirlerine-restorasyon-destegi","status":"publish","type":"post","link":"https:\/\/www.kirsehirses.com\/index.php\/2025\/10\/12\/kirsehirin-tarihi-yeralti-sehirlerine-restorasyon-destegi\/","title":{"rendered":"K\u0131r\u015fehir&#8217;in Tarihi Yeralt\u0131 \u015eehirlerine Restorasyon Deste\u011fi"},"content":{"rendered":"<p>K\u00fclt\u00fcr ve Turizm Bakanl\u0131\u011f\u0131, K\u0131r\u015fehir\u2019in iki \u00f6nemli tarihi miras\u0131 olan Mucur Yeralt\u0131 \u015eehri ve Dulkadirli Yeralt\u0131 \u015eehri i\u00e7in iyile\u015ftirme ve restorasyon \u00e7al\u0131\u015fmalar\u0131 kapsam\u0131nda kaynak aktar\u0131m\u0131 sa\u011flad\u0131. Binlerce y\u0131ll\u0131k ge\u00e7mi\u015fe sahip bu k\u00fclt\u00fcrel de\u011ferlerin yeniden canland\u0131r\u0131lmas\u0131yla K\u0131r\u015fehir turizmine \u00f6nemli katk\u0131 sa\u011flanmas\u0131 hedefleniyor.<br \/>\nK\u0131r\u015fehir Milletvekili Necmettin Erkan, geli\u015fmeyi sosyal medya hesab\u0131ndan payla\u015farak, ba\u015fta Cumhurba\u015fkan\u0131 Recep Tayyip Erdo\u011fan ve K\u00fclt\u00fcr ve Turizm Bakan\u0131 Mehmet Nuri Ersoy\u2019a \u015fehre verdikleri destek i\u00e7in te\u015fekk\u00fcr etti.<\/p>\n","protected":false},"excerpt":{"rendered":"<p>K\u00fclt\u00fcr ve Turizm Bakanl\u0131\u011f\u0131, K\u0131r\u015fehir\u2019in iki \u00f6nemli tarihi miras\u0131 olan Mucur Yeralt\u0131 \u015eehri ve Dulkadirli Yeralt\u0131 \u015eehri i\u00e7in iyile\u015ftirme ve restorasyon \u00e7al\u0131\u015fmalar\u0131 kapsam\u0131nda kaynak aktar\u0131m\u0131 sa\u011flad\u0131. Binlerce y\u0131ll\u0131k ge\u00e7mi\u015fe sahip bu k\u00fclt\u00fcrel de\u011ferlerin yeniden canland\u0131r\u0131lmas\u0131yla K\u0131r\u015fehir turizmine \u00f6nemli katk\u0131 sa\u011flanmas\u0131 hedefleniyor. K\u0131r\u015fehir Milletvekili Necmettin Erkan, geli\u015fmeyi sosyal medya hesab\u0131ndan payla\u015farak, ba\u015fta Cumhurba\u015fkan\u0131 Recep Tayyip Erdo\u011fan [&hellip;]<\/p>\n","protected":false},"author":1,"featured_media":563,"comment_status":"open","ping_status":"open","sticky":false,"template":"","format":"standard","meta":{"footnotes":""},"categories":[8],"tags":[],"class_list":["post-562","post","type-post","status-publish","format-standard","has-post-thumbnail","hentry","category-kirsehir"],"_links":{"self":[{"href":"https:\/\/www.kirsehirses.com\/index.php\/wp-json\/wp\/v2\/posts\/562","targetHints":{"allow":["GET"]}}],"collection":[{"href":"https:\/\/www.kirsehirses.com\/index.php\/wp-json\/wp\/v2\/posts"}],"about":[{"href":"https:\/\/www.kirsehirses.com\/index.php\/wp-json\/wp\/v2\/types\/post"}],"author":[{"embeddable":true,"href":"https:\/\/www.kirsehirses.com\/index.php\/wp-json\/wp\/v2\/users\/1"}],"replies":[{"embeddable":true,"href":"https:\/\/www.kirsehirses.com\/index.php\/wp-json\/wp\/v2\/comments?post=562"}],"version-history":[{"count":1,"href":"https:\/\/www.kirsehirses.com\/index.php\/wp-json\/wp\/v2\/posts\/562\/revisions"}],"predecessor-version":[{"id":564,"href":"https:\/\/www.kirsehirses.com\/index.php\/wp-json\/wp\/v2\/posts\/562\/revisions\/564"}],"wp:featuredmedia":[{"embeddable":true,"href":"https:\/\/www.kirsehirses.com\/index.php\/wp-json\/wp\/v2\/media\/563"}],"wp:attachment":[{"href":"https:\/\/www.kirsehirses.com\/index.php\/wp-json\/wp\/v2\/media?parent=562"}],"wp:term":[{"taxonomy":"category","embeddable":true,"href":"https:\/\/www.kirsehirses.com\/index.php\/wp-json\/wp\/v2\/categories?post=562"},{"taxonomy":"post_tag","embeddable":true,"href":"https:\/\/www.kirsehirses.com\/index.php\/wp-json\/wp\/v2\/tags?post=562"}],"curies":[{"name":"wp","href":"https:\/\/api.w.org\/{rel}","templated":true}]}}