{"id":565,"date":"2025-10-12T21:54:55","date_gmt":"2025-10-12T18:54:55","guid":{"rendered":"https:\/\/www.kirsehirses.com\/?p=565"},"modified":"2025-10-12T21:54:55","modified_gmt":"2025-10-12T18:54:55","slug":"kirsehir-polisinden-uc-koldan-suc-operasyonu-kacak-icki-narkotik-ve-firarilere-darbe","status":"publish","type":"post","link":"https:\/\/www.kirsehirses.com\/index.php\/2025\/10\/12\/kirsehir-polisinden-uc-koldan-suc-operasyonu-kacak-icki-narkotik-ve-firarilere-darbe\/","title":{"rendered":"K\u0131r\u015fehir Polisi&#8217;nden \u00dc\u00e7 Koldan Su\u00e7 Operasyonu: Ka\u00e7ak \u0130\u00e7ki, Narkotik ve Firarilere Darbe"},"content":{"rendered":"<p><b>K\u0131r\u015fehir&#8217;de Emniyetten Su\u00e7lulara G\u00f6z A\u00e7t\u0131rmayan \u00c7al\u0131\u015fma<\/b><\/p>\n<p>K\u0131r\u015fehir \u0130l Emniyet M\u00fcd\u00fcrl\u00fc\u011f\u00fc&#8217;ne ba\u011fl\u0131 birimler, halk\u0131n huzur ve g\u00fcvenli\u011fini sa\u011flamak amac\u0131yla ka\u00e7ak\u00e7\u0131l\u0131k, uyu\u015fturucu ticareti ve aranan \u015fah\u0131slar\u0131n yakalanmas\u0131na y\u00f6nelik kararl\u0131 operasyonlar\u0131n\u0131 s\u00fcrd\u00fcr\u00fcyor. Ger\u00e7ekle\u015ftirilen son operasyonlarda \u00e7ok say\u0131da yasa d\u0131\u015f\u0131 malzeme ele ge\u00e7irilirken, y\u00fcksek hapis cezas\u0131 bulunan firariler yakaland\u0131.<\/p>\n<p><b>Ka\u00e7ak \u0130\u00e7ki \u0130malat\u0131na Bask\u0131n: Etil Alkol ve M\u00fchimmat Ele Ge\u00e7irildi<\/b><\/p>\n<p>Ka\u00e7ak\u00e7\u0131l\u0131k ve Organize Su\u00e7larla M\u00fccadele (KOM) \u015eube M\u00fcd\u00fcrl\u00fc\u011f\u00fc ekipleri, 10 Eyl\u00fcl 2025 tarihinde alkol ka\u00e7ak\u00e7\u0131l\u0131\u011f\u0131n\u0131 \u00f6nlemeye y\u00f6nelik bir operasyon d\u00fczenledi. Yap\u0131lan aramalarda \u015funlar ele ge\u00e7irildi:<\/p>\n<ul>\n<li>Toplamda 34 litre (22 \u015fi\u015fe ve 12 \u015fi\u015fe olmak \u00fczere) el yap\u0131m\u0131 viski<\/li>\n<li>8 bidon i\u00e7inde toplam <b>40 litre etil alkol<\/b><\/li>\n<li>85 adet 9&#215;19 mm \u00e7ap\u0131nda tabanca fi\u015fe\u011fi<\/li>\n<\/ul>\n<p>Olayla ilgili olarak O.\u00d6. isimli \u015fah\u0131s hakk\u0131nda yasal s\u00fcre\u00e7 ba\u015flat\u0131ld\u0131.<\/p>\n<p><b>Y\u00fcksek Cezal\u0131 5 Firari Yakaland\u0131<\/b><\/p>\n<p>Asayi\u015f \u015eube M\u00fcd\u00fcrl\u00fc\u011f\u00fc ekipleri, haklar\u0131nda kesinle\u015fmi\u015f hapis cezas\u0131 bulunan firarilerin yakalanmas\u0131na y\u00f6nelik \u00f6zel \u00e7al\u0131\u015fmalar y\u00fcr\u00fctt\u00fc. Bu \u00e7al\u0131\u015fmalar sonucunda toplam <b>5 \u015fah\u0131s<\/b> yakaland\u0131. Yakalanan \u015fah\u0131slar\u0131n cezalar\u0131 aras\u0131nda 12 y\u0131l 11 ay 22 g\u00fcn, 9 y\u0131l 17 ay, 5 y\u0131l, 5 y\u0131l ve 4 y\u0131l 7 ay gibi y\u00fcksek s\u00fcreli kesinle\u015fmi\u015f hapis cezalar\u0131 bulunuyordu. S\u00f6z konusu \u015fah\u0131slar, adli makamlara teslim edilerek cezaevine g\u00f6nderildi.<\/p>\n<p><b>Sentetik Kannabinoid Operasyonu<\/b><\/p>\n<p>Narkotik Su\u00e7larla M\u00fccadele \u015eube M\u00fcd\u00fcrl\u00fc\u011f\u00fc, 10 Ekim 2025 tarihinde ger\u00e7ekle\u015ftirdi\u011fi operasyonda uyu\u015fturucu madde ele ge\u00e7irdi. Bir \u015f\u00fcphelinin \u00fcst\u00fcnde ve ikametg\u00e2h\u0131nda yap\u0131lan aramalarda; <b>10,30 gram sentetik kannabinoid (bonzai)<\/b> ve bu maddenin \u00fcretiminde kullan\u0131lan 7 par\u00e7a halinde toplam <b>1,35 gram sentetik kannabinoid hammaddesi<\/b> bulundu. \u015e\u00fcpheli hakk\u0131nda, uyu\u015fturucu madde imal ve ticareti su\u00e7lar\u0131n\u0131 kapsayan T\u00fcrk Ceza Kanunu&#8217;nun ilgili maddeleri uyar\u0131nca yasal i\u015flemler ba\u015flat\u0131ld\u0131.<\/p>\n<p>K\u0131r\u015fehir \u0130l Emniyet M\u00fcd\u00fcrl\u00fc\u011f\u00fc, su\u00e7 ve su\u00e7lularla m\u00fccadeledeki kararl\u0131l\u0131klar\u0131n\u0131n artarak s\u00fcrece\u011fini kamuoyuna duyurdu.<\/p>\n","protected":false},"excerpt":{"rendered":"<p>K\u0131r\u015fehir&#8217;de Emniyetten Su\u00e7lulara G\u00f6z A\u00e7t\u0131rmayan \u00c7al\u0131\u015fma K\u0131r\u015fehir \u0130l Emniyet M\u00fcd\u00fcrl\u00fc\u011f\u00fc&#8217;ne ba\u011fl\u0131 birimler, halk\u0131n huzur ve g\u00fcvenli\u011fini sa\u011flamak amac\u0131yla ka\u00e7ak\u00e7\u0131l\u0131k, uyu\u015fturucu ticareti ve aranan \u015fah\u0131slar\u0131n yakalanmas\u0131na y\u00f6nelik kararl\u0131 operasyonlar\u0131n\u0131 s\u00fcrd\u00fcr\u00fcyor. Ger\u00e7ekle\u015ftirilen son operasyonlarda \u00e7ok say\u0131da yasa d\u0131\u015f\u0131 malzeme ele ge\u00e7irilirken, y\u00fcksek hapis cezas\u0131 bulunan firariler yakaland\u0131. Ka\u00e7ak \u0130\u00e7ki \u0130malat\u0131na Bask\u0131n: Etil Alkol ve M\u00fchimmat Ele Ge\u00e7irildi [&hellip;]<\/p>\n","protected":false},"author":1,"featured_media":566,"comment_status":"open","ping_status":"open","sticky":false,"template":"","format":"standard","meta":{"footnotes":""},"categories":[1],"tags":[],"class_list":["post-565","post","type-post","status-publish","format-standard","has-post-thumbnail","hentry","category-genel"],"_links":{"self":[{"href":"https:\/\/www.kirsehirses.com\/index.php\/wp-json\/wp\/v2\/posts\/565","targetHints":{"allow":["GET"]}}],"collection":[{"href":"https:\/\/www.kirsehirses.com\/index.php\/wp-json\/wp\/v2\/posts"}],"about":[{"href":"https:\/\/www.kirsehirses.com\/index.php\/wp-json\/wp\/v2\/types\/post"}],"author":[{"embeddable":true,"href":"https:\/\/www.kirsehirses.com\/index.php\/wp-json\/wp\/v2\/users\/1"}],"replies":[{"embeddable":true,"href":"https:\/\/www.kirsehirses.com\/index.php\/wp-json\/wp\/v2\/comments?post=565"}],"version-history":[{"count":1,"href":"https:\/\/www.kirsehirses.com\/index.php\/wp-json\/wp\/v2\/posts\/565\/revisions"}],"predecessor-version":[{"id":567,"href":"https:\/\/www.kirsehirses.com\/index.php\/wp-json\/wp\/v2\/posts\/565\/revisions\/567"}],"wp:featuredmedia":[{"embeddable":true,"href":"https:\/\/www.kirsehirses.com\/index.php\/wp-json\/wp\/v2\/media\/566"}],"wp:attachment":[{"href":"https:\/\/www.kirsehirses.com\/index.php\/wp-json\/wp\/v2\/media?parent=565"}],"wp:term":[{"taxonomy":"category","embeddable":true,"href":"https:\/\/www.kirsehirses.com\/index.php\/wp-json\/wp\/v2\/categories?post=565"},{"taxonomy":"post_tag","embeddable":true,"href":"https:\/\/www.kirsehirses.com\/index.php\/wp-json\/wp\/v2\/tags?post=565"}],"curies":[{"name":"wp","href":"https:\/\/api.w.org\/{rel}","templated":true}]}}